{"id":151,"date":"2012-04-03T14:07:21","date_gmt":"2012-04-03T16:07:21","guid":{"rendered":"http:\/\/www.encontraitatiba.com.br\/noticias\/?p=151"},"modified":"2013-08-14T13:47:43","modified_gmt":"2013-08-14T15:47:43","slug":"10%c2%ba-festa-do-caqui-cia-ja-movimenta-o-turismo-em-itatiba","status":"publish","type":"post","link":"https:\/\/www.encontraitatiba.com.br\/noticias\/10%c2%ba-festa-do-caqui-cia-ja-movimenta-o-turismo-em-itatiba\/","title":{"rendered":"10\u00ba Festa do Caqui &#038; Cia. j\u00e1 movimenta o turismo em Itatiba"},"content":{"rendered":"<p>No \u00faltimo s\u00e1bado, dia 31 de mar\u00e7o, a Corte do Caqui esteve na Esta\u00e7\u00e3o de Trem de Jundia\u00ed onde a Rainha e Princesas convidaram turistas para a 10\u00aa Festa do Caqui &amp; Cia. O evento promovido pela Prefeitura de Itatiba est\u00e1 movimentando ainda mais o turismo na cidade. \u201cNo ano passado recebemos pessoas de todo o Brasil, do sul de Minas, do Nordeste e muitos outros lugares&#8221;, lembra o Prefeito Jo\u00e3o Fattori. Assim como no ano passado, ser\u00e3o dois finais de semana com programa\u00e7\u00e3o para toda a fam\u00edlia e shows para todos os gostos musicais. A Festa, que acontece no Parque Lu\u00eds Latorre nos dias 13, 14, 15, 20, 21 e 22 de abril, valoriza o agroneg\u00f3cio e a produ\u00e7\u00e3o rural e tamb\u00e9m traz muita cultura e entretenimento para as fam\u00edlias itatibenses e visitantes.<\/p>\n<p>A Rainha e as Princesas do Caqui tamb\u00e9m acompanharam um grupo de turistas em uma visita \u00e0 propriedades rurais de Itatiba. Faltando cerca de dez dias para o in\u00edcio da Festa do Caqui &amp; Cia. 2012, o turismo itatibense j\u00e1 sente seus efeitos. \u201cO nome de Itatiba est\u00e1 sendo levado para outros lugares, chamando as pessoas para c\u00e1, para nos conhecer, conhecer o caqui, comprar nossos produtos.<\/p>\n<p>Os hot\u00e9is da cidade j\u00e1 est\u00e3o lotados para essas datas. At\u00e9 porque, temos na mesma \u00e9poca a exposi\u00e7\u00e3o da FOB \u2013 Federa\u00e7\u00e3o Ornitol\u00f3gica do Brasil e, na primeira semana da Festa, vamos receber tamb\u00e9m os Jori \u2013 Jogos Regionais do Idoso. Vamos ter um p\u00fablico flutuante de 10 a 20 mil pessoas. S\u00f3 dos Jori teremos tr\u00eas mil atletas de toda a regi\u00e3o\u201d, comenta o Secret\u00e1rio de Cultura e Turismo, Luis Soares de Camargo.<\/p>\n<p>O turista que vem para a Festa do Caqui gasta na cidade tamb\u00e9m. \u201cPor isso dizemos que \u00e9 um investimento. Ao final de todas as Festas do Caqui recebemos as informa\u00e7\u00f5es: restaurantes lotados, hot\u00e9is lotados. At\u00e9 o setor moveleiro. As pessoas v\u00eam e compram. A Festa \u00e9 gera\u00e7\u00e3o de renda e de emprego na cidade. Vale a pena o investimento na Festa do Caqui. Ela traz lazer para o itatibense que n\u00e3o tem oportunidade, n\u00e3o tem como se deslocar para outras cidades para assistir shows dessa categoria, e ao mesmo tempo faz girar nossa economia e movimenta o agroneg\u00f3cio\u201d, lembra Luis Soares.<\/p>\n<p><strong>10\u00aa Festa do Caqui &amp; Cia de Itatiba e 3\u00ba F\u00f3rum T\u00e9cnico do Caqui<br \/>\n<\/strong><strong><br \/>\n<\/strong><strong>Programa\u00e7\u00e3o:<br \/>\n<\/strong><strong><br \/>\n<\/strong><strong>Sexta-feira \u2013 13 de abril<br \/>\n<\/strong>20h &#8211; Abertura oficial, pra\u00e7a de alimenta\u00e7\u00e3o, exposi\u00e7\u00e3o e venda de frutas e \u00a0derivados, artesanato e \u00e1rea de show room.<br \/>\n21h &#8211; Show &#8211; Edson &amp; Lu\u00eds<\/p>\n<p><strong>S\u00e1bado \u2013 14 de abril<br \/>\n<\/strong>10h &#8211; Abertura dos port\u00f5es com espa\u00e7o crian\u00e7a &#8211; brinquedos infl\u00e1veis, pra\u00e7a de alimenta\u00e7\u00e3o, exposi\u00e7\u00e3o e venda de frutas e derivados, artesanato, \u00e1rea de<br \/>\nshow room, feira de produtos org\u00e2nicos.<br \/>\n11h, 13h, 14h30 e 16h &#8211; Aulas de culin\u00e1ria<br \/>\n13h &#8211; Show &#8211; Bruno C\u00e9sar &amp; Salvador<br \/>\n14h &#8211; Passeio Tur\u00edstico incluindo city tour e circuito rural (2 op\u00e7\u00f5es de roteiros)<br \/>\n15h &#8211; Show Banda Evolu\u00e7\u00e3o<br \/>\n18h &#8211; Show Banda Os Miser\u00e1veis<br \/>\n21h &#8211; Show Banda Restart<\/p>\n<p><strong>Domingo \u2013 15 de abril<br \/>\n<\/strong>10h &#8211; Abertura dos port\u00f5es com espa\u00e7o crian\u00e7a &#8211; brinquedos infl\u00e1veis, pra\u00e7a de alimenta\u00e7\u00e3o, exposi\u00e7\u00e3o e venda de frutas e derivados, arte e artesanato, \u00e1rea de show room.<br \/>\n11h, 13h, 14h30 e 16h &#8211; Aulas de culin\u00e1ria<br \/>\n11h &#8211; Corpora\u00e7\u00e3o Musical Santa Cec\u00edlia<br \/>\n13h &#8211; Show Henrique Campos<br \/>\n14h &#8211; Passeio Tur\u00edstico incluindo city tour e circuito rural (2 op\u00e7\u00f5es de roteiros)<br \/>\n14h30 &#8211; Venda de frutas premiadas no concurso \u2018Qualidade Caqui\u2019<br \/>\n15h &#8211; Show MPB Clube<br \/>\n18h &#8211; Show Mr. Groove<br \/>\n20h &#8211; Show Bruno &amp; Marrone<\/p>\n<p><strong>Ter\u00e7a-feira \u2013 17 de abril<br \/>\n<\/strong>Das 19h \u00e0s 22h &#8211; 3\u00ba F\u00f3rum T\u00e9cnico do Caqui<\/p>\n<p><strong>Quarta-feira \u2013 18 de abril<br \/>\n<\/strong>Das 19h \u00e0s 22h &#8211; 3\u00ba F\u00f3rum T\u00e9cnico do Caqui<\/p>\n<p><strong>Sexta-feira \u2013 20 de abril<br \/>\n<\/strong>19h &#8211; Abertura dos port\u00f5es com pra\u00e7a de alimenta\u00e7\u00e3o, exposi\u00e7\u00e3o e venda de frutas e derivados, artesanato, \u00e1rea de show room<br \/>\n21h &#8211; Show Grupo Papel.com<\/p>\n<p><strong>S\u00e1bado \u2013 21 de abril<br \/>\n<\/strong>10h &#8211; Abertura dos port\u00f5es com espa\u00e7o crian\u00e7a &#8211; brinquedos infl\u00e1veis, pra\u00e7a de alimenta\u00e7\u00e3o, exposi\u00e7\u00e3o e venda de frutas e derivados, artesanato, \u00e1rea de show room, feira de produtos org\u00e2nicos<br \/>\n11h, 13h, 14h30 e 16h &#8211; Aulas de culin\u00e1ria<br \/>\n13h &#8211; Show Quarteto Caminhante<br \/>\n14h &#8211; Passeio Tur\u00edstico incluindo city tour e circuito rural (2 op\u00e7\u00f5es de roteiros)<br \/>\n15h &#8211; Show Grupo Musical Brasil<br \/>\n18h &#8211; Show Johnny Voxx<br \/>\n21h &#8211; Show Latino<\/p>\n<p><strong>Domingo \u2013 22 de abril<br \/>\n<\/strong>10h &#8211; Abertura dos port\u00f5es com espa\u00e7o crian\u00e7a &#8211; brinquedos infl\u00e1veis, pra\u00e7a de alimenta\u00e7\u00e3o, exposi\u00e7\u00e3o e venda de frutas e derivados, artesanato, \u00e1rea de show room.<br \/>\n11h, 13h, 14h30 e 16h &#8211; Aulas de culin\u00e1ria<br \/>\n12h30 &#8211; Bal\u00e9 Moinho das Artes<br \/>\n13h &#8211; Show Grupo Madeira de Lei<br \/>\n14h &#8211; Passeio Tur\u00edstico incluindo city tour e circuito rural (2 op\u00e7\u00f5es de roteiros)<br \/>\n14h30 &#8211; Venda de frutas premiadas no concurso \u2018Qualidade Caqui\u2019<br \/>\n15h &#8211; Show Irm\u00e3os Souza<br \/>\n18h &#8211; Show Reginaldo &amp; Donizete<br \/>\n19h30 &#8211; Premia\u00e7\u00e3o dos produtores: concurso \u2018Qualidade Caqui\u2019<br \/>\n20h &#8211; Show Edson &amp; Hudson<\/p>\n<p><strong>Local:<\/strong> <a title=\"Parque Luis Latorre\" href=\"http:\/\/www.encontraitatiba.com.br\/itatiba\/parque-luis-latorre-em-itatiba.shtml\" target=\"_blank\">Parque Lu\u00eds Latorre<\/a><br \/>\n<strong>Realiza\u00e7\u00e3o:<\/strong> Prefeitura de Itatiba<br \/>\n<strong>Apoio:<\/strong> Polo Circuito das Frutas &#8211; SEBRAE<\/p>\n<p><em>Fonte: Prefeitura de Itatiba<\/em><\/p>\n","protected":false},"excerpt":{"rendered":"<p>No \u00faltimo s\u00e1bado, dia 31 de mar\u00e7o, a Corte do Caqui esteve na Esta\u00e7\u00e3o de Trem de Jundia\u00ed onde a Rainha e Princesas convidaram turistas para a 10\u00aa Festa do Caqui &amp; Cia. O evento promovido pela Prefeitura de Itatiba est\u00e1 movimentando ainda mais o turismo na cidade. \u201cNo ano passado recebemos pessoas de todo [&hellip;]<\/p>\n","protected":false},"author":1,"featured_media":0,"comment_status":"open","ping_status":"open","sticky":false,"template":"","format":"standard","meta":{"footnotes":""},"categories":[5],"tags":[],"class_list":["post-151","post","type-post","status-publish","format-standard","hentry","category-eventos"],"_links":{"self":[{"href":"https:\/\/www.encontraitatiba.com.br\/noticias\/wp-json\/wp\/v2\/posts\/151","targetHints":{"allow":["GET"]}}],"collection":[{"href":"https:\/\/www.encontraitatiba.com.br\/noticias\/wp-json\/wp\/v2\/posts"}],"about":[{"href":"https:\/\/www.encontraitatiba.com.br\/noticias\/wp-json\/wp\/v2\/types\/post"}],"author":[{"embeddable":true,"href":"https:\/\/www.encontraitatiba.com.br\/noticias\/wp-json\/wp\/v2\/users\/1"}],"replies":[{"embeddable":true,"href":"https:\/\/www.encontraitatiba.com.br\/noticias\/wp-json\/wp\/v2\/comments?post=151"}],"version-history":[{"count":3,"href":"https:\/\/www.encontraitatiba.com.br\/noticias\/wp-json\/wp\/v2\/posts\/151\/revisions"}],"predecessor-version":[{"id":744,"href":"https:\/\/www.encontraitatiba.com.br\/noticias\/wp-json\/wp\/v2\/posts\/151\/revisions\/744"}],"wp:attachment":[{"href":"https:\/\/www.encontraitatiba.com.br\/noticias\/wp-json\/wp\/v2\/media?parent=151"}],"wp:term":[{"taxonomy":"category","embeddable":true,"href":"https:\/\/www.encontraitatiba.com.br\/noticias\/wp-json\/wp\/v2\/categories?post=151"},{"taxonomy":"post_tag","embeddable":true,"href":"https:\/\/www.encontraitatiba.com.br\/noticias\/wp-json\/wp\/v2\/tags?post=151"}],"curies":[{"name":"wp","href":"https:\/\/api.w.org\/{rel}","templated":true}]}}