{"id":159,"date":"2012-04-09T01:53:21","date_gmt":"2012-04-09T03:53:21","guid":{"rendered":"http:\/\/www.encontraitatiba.com.br\/noticias\/?p=159"},"modified":"2013-08-14T13:47:45","modified_gmt":"2013-08-14T15:47:45","slug":"incendiario-e-preso-por-furto-em-itatiba","status":"publish","type":"post","link":"https:\/\/www.encontraitatiba.com.br\/noticias\/incendiario-e-preso-por-furto-em-itatiba\/","title":{"rendered":"Incendi\u00e1rio \u00e9 preso por furto em Itatiba"},"content":{"rendered":"<p>O desempregado S\u00e9rgio Ara\u00fajo, 36 anos, foi preso, na manh\u00e3 de anteontem, acusado de furtar lojas do Centro de Itatiba. Ele, que j\u00e1 era foragido da Justi\u00e7a, foi identificado pela Pol\u00edcia Civil como autor de inc\u00eandio criminoso, em loja de tecidos, no \u00faltimo dia 19.<\/p>\n<p>A Pol\u00edcia Militar foi acionada, atrav\u00e9s do 190, sobre furto em uma loja de cal\u00e7ados.<\/p>\n<p>Com as caracter\u00edsticas do indiv\u00edduo, os PMs come\u00e7aram as buscas e localizaram o acusado na Avenida Independ\u00eancia. Ao ser abordado, S\u00e9rgio carregava uma sacola com dois pares de chinelo e duas facas de cozinha. Ara\u00fajo confessou o furto dos cal\u00e7ados, mas negou ter levado as facas.<\/p>\n<p>O desempregado foi conduzido \u00e0 delegacia de Itatiba, onde estava o propriet\u00e1rio da loja e um comerciante. Este possui um com\u00e9rcio de produtos importados no Centro e reconheceu as facas. Em consulta aos antecedentes criminais de S\u00e9rgio, foi constatado que ele era foragido da Penitenci\u00e1ria II de Itapetininga.<\/p>\n<p><strong>Inc\u00eandio<\/strong><br \/>\nComo o homem de 36 anos j\u00e1 havia sido identificado por atear fogo em loja de tecido, no Centro, o setor de intelig\u00eancia da Pol\u00edcia Civil o interrogou. De acordo com os investigadores, o incendi\u00e1rio foi identificado pelas imagens de c\u00e2meras de monitoramento. Os policiais localizaram o posto de combust\u00edveis que teria vendido a gasolina usada por S\u00e9rgio.<\/p>\n<p>O desempregado confessou o crime e disse que o fez porque estava com raiva do propriet\u00e1rio da loja. \u201cEu cometi pequenos furtos, para levantar algum dinheiro e voltar para a cadeia, mas o dono do com\u00e9rcio tomou a sacola onde estavam os objetos. N\u00e3o sei o porqu\u00ea da bronca, pois nunca peguei nada da loja dele\u201d, disse o acusado. Ara\u00fajo foi autuado em flagrante e encaminhado ao Centro de Triagem da cidade Campo Limpo Paulista.<\/p>\n<p><em>Fonte: Jornal De Itatiba<\/em><\/p>\n","protected":false},"excerpt":{"rendered":"<p>O desempregado S\u00e9rgio Ara\u00fajo, 36 anos, foi preso, na manh\u00e3 de anteontem, acusado de furtar lojas do Centro de Itatiba. Ele, que j\u00e1 era foragido da Justi\u00e7a, foi identificado pela Pol\u00edcia Civil como autor de inc\u00eandio criminoso, em loja de tecidos, no \u00faltimo dia 19. A Pol\u00edcia Militar foi acionada, atrav\u00e9s do 190, sobre furto [&hellip;]<\/p>\n","protected":false},"author":1,"featured_media":0,"comment_status":"open","ping_status":"open","sticky":false,"template":"","format":"standard","meta":{"footnotes":""},"categories":[6],"tags":[],"class_list":["post-159","post","type-post","status-publish","format-standard","hentry","category-noticias"],"_links":{"self":[{"href":"https:\/\/www.encontraitatiba.com.br\/noticias\/wp-json\/wp\/v2\/posts\/159","targetHints":{"allow":["GET"]}}],"collection":[{"href":"https:\/\/www.encontraitatiba.com.br\/noticias\/wp-json\/wp\/v2\/posts"}],"about":[{"href":"https:\/\/www.encontraitatiba.com.br\/noticias\/wp-json\/wp\/v2\/types\/post"}],"author":[{"embeddable":true,"href":"https:\/\/www.encontraitatiba.com.br\/noticias\/wp-json\/wp\/v2\/users\/1"}],"replies":[{"embeddable":true,"href":"https:\/\/www.encontraitatiba.com.br\/noticias\/wp-json\/wp\/v2\/comments?post=159"}],"version-history":[{"count":4,"href":"https:\/\/www.encontraitatiba.com.br\/noticias\/wp-json\/wp\/v2\/posts\/159\/revisions"}],"predecessor-version":[{"id":843,"href":"https:\/\/www.encontraitatiba.com.br\/noticias\/wp-json\/wp\/v2\/posts\/159\/revisions\/843"}],"wp:attachment":[{"href":"https:\/\/www.encontraitatiba.com.br\/noticias\/wp-json\/wp\/v2\/media?parent=159"}],"wp:term":[{"taxonomy":"category","embeddable":true,"href":"https:\/\/www.encontraitatiba.com.br\/noticias\/wp-json\/wp\/v2\/categories?post=159"},{"taxonomy":"post_tag","embeddable":true,"href":"https:\/\/www.encontraitatiba.com.br\/noticias\/wp-json\/wp\/v2\/tags?post=159"}],"curies":[{"name":"wp","href":"https:\/\/api.w.org\/{rel}","templated":true}]}}