{"id":356,"date":"2012-10-23T12:12:06","date_gmt":"2012-10-23T14:12:06","guid":{"rendered":"http:\/\/www.encontraitatiba.com.br\/noticias\/?p=356"},"modified":"2013-08-14T13:47:48","modified_gmt":"2013-08-14T15:47:48","slug":"iv-edicao-da-feira-social-da-prefeitura-de-itatiba-promete-agitar-a-cidade","status":"publish","type":"post","link":"https:\/\/www.encontraitatiba.com.br\/noticias\/iv-edicao-da-feira-social-da-prefeitura-de-itatiba-promete-agitar-a-cidade\/","title":{"rendered":"IV edi\u00e7\u00e3o da Feira Social da Prefeitura de Itatiba promete agitar a cidade"},"content":{"rendered":"<p>Para facilitar o acesso do cidad\u00e3o \u00e0s informa\u00e7\u00f5es e servi\u00e7os p\u00fablicos, a Prefeitura de Itatiba realiza neste final de semana, dias 27 e 28 de outubro, s\u00e1bado e domingo, das 8h \u00e0s 17h e das 8h \u00e0s 12h, respectivamente, a quarta edi\u00e7\u00e3o da Feira Social de Itatiba.<\/p>\n<p>A popula\u00e7\u00e3o poder\u00e1 regularizar e solicitar documentos como RG e Carteira de Trabalho. O evento faz parte das comemora\u00e7\u00f5es de 155 anos de anivers\u00e1rio de Itatiba. Para ter acesso aos servi\u00e7os, a popula\u00e7\u00e3o dever\u00e1 comparecer na Secretaria de A\u00e7\u00e3o Social, Trabalho e Renda &#8211; Av. Marechal Castelo Branco, 677, Bairro do Engenho. &#8220;Oferecendo servi\u00e7os em hor\u00e1rios alternativos, a Prefeitura cria oportunidades de acesso \u00e0quela por\u00e7\u00e3o da popula\u00e7\u00e3o que tem dificuldades durante a semana&#8221;, lembra o Prefeito em exerc\u00edcio, Dr. Ariovaldo Hauck da Silva.<\/p>\n<p><strong>Confira os servi\u00e7os oferecidos gratuitamente durante a Feira Social:<\/strong><\/p>\n<p><strong>RG<\/strong><br \/>\nDurante a Feira Social, ser\u00e1 emitida 1\u00b0 via de RG. Para tirar o documento \u00e9 necess\u00e1rio apresentar certid\u00e3o de nascimento ou casamento original e xerox leg\u00edvel, sem rasgos ou manchas e uma foto 3&#215;4 recente. Estudantes devem apresentar o RG escolar original e xerox ou declara\u00e7\u00e3o da escola com o n\u00famero. Menores de 16 anos dever\u00e3o estar acompanhados de pai, m\u00e3e ou tutor com RG (caso seja tutor com xerox da tutela). Aten\u00e7\u00e3o: Neste dia, n\u00e3o ser\u00e1 emitida 2\u00b0 via de RG.<\/p>\n<p><strong>Servi\u00e7o Militar<\/strong><br \/>\nA Junta de Servi\u00e7o Militar tamb\u00e9m vai funcionar para alistamento militar, solicita\u00e7\u00e3o, emiss\u00e3o e entrega de Documentos Militares e juramento a bandeira dos dispensados da C.S. e Zona Rural.<\/p>\n<p><strong>Banco do Povo<\/strong><br \/>\nPara quem quer come\u00e7ar um neg\u00f3cio ou ampliar o j\u00e1 existente, o Banco do Povo atender\u00e1 para Opera\u00e7\u00f5es do Programa e Financiamentos, orienta\u00e7\u00f5es sobre micro-credito e sobre MEI &#8211; Micro Empreendedor Individual.<\/p>\n<p><a title=\"PAT ITATIBA\" href=\"http:\/\/www.encontraitatiba.com.br\/itatiba\/pat-itatiba.shtml\" target=\"_blank\"><strong>PAT ITATIBA<\/strong><\/a><br \/>\nPara quem busca uma coloca\u00e7\u00e3o no mercado de trabalho, o PAT &#8211; Posto de Atendimento ao Trabalhador vai emitir a Carteira de Trabalho. Para 1\u00b0 via, o interessado deve ter mais de 16 anos e estar munido de RG e uma foto 3&#215;4 recente com fundo branco. Para 2\u00b0 via, \u00e9 necess\u00e1ria a carteira anterior ou comprovante de numera\u00e7\u00e3o e s\u00e9rie, RG e uma foto 3&#215;4 recente com fundo branco. Al\u00e9m disso, o PAT vai atender e orientar os trabalhadores. Para capta\u00e7\u00e3o de vagas, os pretendentes devem comparecer munidos de Carteira de Trabalho, RG e CPF. Haver\u00e1 tamb\u00e9m atendimento jur\u00eddico especializado em \u00e1rea trabalhista.<\/p>\n<p><strong>CDHU<\/strong><br \/>\nO Posto CDHU &#8211; Companhia de Desenvolvimento Habitacional e Urbano do Estado de S\u00e3o Paulo vai orientar sobre o Programa e prestar\u00e1 atendimento geral aos mutu\u00e1rios.<\/p>\n<p><strong>Frente de Trabalho<\/strong><br \/>\nEste programa da Prefeitura de Itatiba que visa a inser\u00e7\u00e3o no mercado de trabalho tamb\u00e9m marca presen\u00e7a na Feira Social. Ser\u00e3o dadas orienta\u00e7\u00f5es para inclus\u00e3o no programa. Para participar \u00e9 necess\u00e1rio comprovar situa\u00e7\u00e3o de desemprego de no m\u00ednimo um ano, comprovar resid\u00eancia em Itatiba de no m\u00ednimo cinco anos, comprovar renda familiar n\u00e3o superior a tr\u00eas sal\u00e1rios m\u00ednimos vigentes, n\u00e3o receber auxilio desemprego e limite m\u00e1ximo de um participante por resid\u00eancia.<\/p>\n<p><strong>Procon Itatiba<\/strong><br \/>\nOs consumidores que necessitarem de orienta\u00e7\u00f5es e atendimentos sobre o C\u00f3digo de Prote\u00e7\u00e3o e Defesa do Consumidor v\u00e3o poder aproveitar a presen\u00e7a do Procon na Feira Social.<\/p>\n<p><strong>Aposentadoria<\/strong><br \/>\nProfissionais estar\u00e3o de plant\u00e3o prestando orienta\u00e7\u00f5es sobre previd\u00eancia social e aposentadorias<\/p>\n<p><strong>Sa\u00fade<\/strong><br \/>\nA Secretaria de Sa\u00fade tamb\u00e9m estar\u00e1 presente na 4\u00aa Feira Social. Profissionais da Sa\u00fade estar\u00e3o aferindo press\u00e3o arterial, orientando sobre DST &#8211; Doen\u00e7as Sexualmente Transmiss\u00edveis e outros.<\/p>\n<p><strong>Atendimento Social<\/strong><br \/>\nHaver\u00e1 atendimento com assistente social para o p\u00fablico em geral, informa\u00e7\u00f5es, orienta\u00e7\u00f5es, recadastramento e agendamento para os Programas de Transfer\u00eancia de Renda: Bolsa Fam\u00edlia, Renda Cidad\u00e3, BPC &#8211; Benef\u00edcio de Presta\u00e7\u00e3o Continuada. Atendimento Social com t\u00e9cnicos do Centro de Refer\u00eancia Especializado de Assist\u00eancia Social &#8211; CREAS<\/p>\n<p><strong>Exposi\u00e7\u00f5es<\/strong><br \/>\nCompletam a Feira Social exposi\u00e7\u00f5es de produtos confeccionados nas oficinas realizadas nos CRAS e Centros Comunit\u00e1rios: Pintura em tecido para crian\u00e7as, pintura em tecido para adultos, artesanato para crian\u00e7as, corte e costura e costura industrial. O evento ainda contar\u00e1 com oficinas de Corte de Cabelo.<\/p>\n<p><strong>Bairros<\/strong><br \/>\nDurante a Feira Social a popula\u00e7\u00e3o ter\u00e1 acesso a atendimentos nos CRAS I (Bairro San Francisco) CRAS II (Bairro Erasmo Chrispim), Centro Comunit\u00e1rio Jo\u00e3o Corradini, Centro Comunit\u00e1rio Jardim das Na\u00e7\u00f5es e Centro Comunit\u00e1rio Dr. Pimenta. As fam\u00edlias que j\u00e1 s\u00e3o atendidas pelos programas de Transfer\u00eancia de Renda ser\u00e3o convocadas a comparecerem nos CRAS (Centro de Referencia de Assist\u00eancia Social) dos bairros San Francisco e Erasmo Chrispim nos dias e hor\u00e1rios da 4\u00b0 Feira Social, para atualiza\u00e7\u00e3o do Cadastro \u00danico.<\/p>\n<p><strong>Servi\u00e7o ITATIBA 155 ANOS:<\/strong><br \/>\n<strong>Evento:<\/strong> 4\u00aa Feira Social<br \/>\n<strong>Datas:<\/strong> Dia 27 de outubro das 8h \u00e0s 17h<br \/>\nDia 28 de outubro das 8h \u00e0s 12h<br \/>\n<strong>Local:<\/strong> Secretaria de A\u00e7\u00e3o Social, Trabalho e Renda &#8211; Avenida Marechal Humberto de Alencar Castelo Branco, 677 &#8211; Bairro do Engenho<br \/>\nAberto \u00e0 popula\u00e7\u00e3o<\/p>\n<p><em>Fonte: Prefeitura Itatiba<\/em><\/p>\n","protected":false},"excerpt":{"rendered":"<p>Para facilitar o acesso do cidad\u00e3o \u00e0s informa\u00e7\u00f5es e servi\u00e7os p\u00fablicos, a Prefeitura de Itatiba realiza neste final de semana, dias 27 e 28 de outubro, s\u00e1bado e domingo, das 8h \u00e0s 17h e das 8h \u00e0s 12h, respectivamente, a quarta edi\u00e7\u00e3o da Feira Social de Itatiba. A popula\u00e7\u00e3o poder\u00e1 regularizar e solicitar documentos como [&hellip;]<\/p>\n","protected":false},"author":1,"featured_media":0,"comment_status":"open","ping_status":"open","sticky":false,"template":"","format":"standard","meta":{"footnotes":""},"categories":[6],"tags":[],"class_list":["post-356","post","type-post","status-publish","format-standard","hentry","category-noticias"],"_links":{"self":[{"href":"https:\/\/www.encontraitatiba.com.br\/noticias\/wp-json\/wp\/v2\/posts\/356","targetHints":{"allow":["GET"]}}],"collection":[{"href":"https:\/\/www.encontraitatiba.com.br\/noticias\/wp-json\/wp\/v2\/posts"}],"about":[{"href":"https:\/\/www.encontraitatiba.com.br\/noticias\/wp-json\/wp\/v2\/types\/post"}],"author":[{"embeddable":true,"href":"https:\/\/www.encontraitatiba.com.br\/noticias\/wp-json\/wp\/v2\/users\/1"}],"replies":[{"embeddable":true,"href":"https:\/\/www.encontraitatiba.com.br\/noticias\/wp-json\/wp\/v2\/comments?post=356"}],"version-history":[{"count":3,"href":"https:\/\/www.encontraitatiba.com.br\/noticias\/wp-json\/wp\/v2\/posts\/356\/revisions"}],"predecessor-version":[{"id":953,"href":"https:\/\/www.encontraitatiba.com.br\/noticias\/wp-json\/wp\/v2\/posts\/356\/revisions\/953"}],"wp:attachment":[{"href":"https:\/\/www.encontraitatiba.com.br\/noticias\/wp-json\/wp\/v2\/media?parent=356"}],"wp:term":[{"taxonomy":"category","embeddable":true,"href":"https:\/\/www.encontraitatiba.com.br\/noticias\/wp-json\/wp\/v2\/categories?post=356"},{"taxonomy":"post_tag","embeddable":true,"href":"https:\/\/www.encontraitatiba.com.br\/noticias\/wp-json\/wp\/v2\/tags?post=356"}],"curies":[{"name":"wp","href":"https:\/\/api.w.org\/{rel}","templated":true}]}}