{"id":367,"date":"2012-11-07T10:15:27","date_gmt":"2012-11-07T12:15:27","guid":{"rendered":"http:\/\/www.encontraitatiba.com.br\/noticias\/?p=367"},"modified":"2013-08-14T13:47:47","modified_gmt":"2013-08-14T15:47:47","slug":"saude-tambem-e-destaque-na-semana-do-bebe-em-itatiba","status":"publish","type":"post","link":"https:\/\/www.encontraitatiba.com.br\/noticias\/saude-tambem-e-destaque-na-semana-do-bebe-em-itatiba\/","title":{"rendered":"Sa\u00fade tamb\u00e9m \u00e9 destaque na Semana do Beb\u00ea em Itatiba"},"content":{"rendered":"<p>Se voc\u00ea tem um filho com idade entre 0 e 3 anos ou \u00e9 gestante aproveite: teve in\u00edcio nesta segunda-feira, dia 5 de novembro, a Semana do Beb\u00ea. A Prefeitura de Itatiba preparou uma s\u00e9rie de atividades no CAC (Centro de Atendimento \u00e0 Crian\u00e7a), Caismi (Centro de Aten\u00e7\u00e3o Integral \u00e0 Sa\u00fade da Mulher), unidades de sa\u00fade e outros. \u201cA ideia \u00e9 sensibilizar a popula\u00e7\u00e3o sobre o desenvolvimento das crian\u00e7as nos primeiros anos de vida, um per\u00edodo importante que tem grande impacto na vida futura desses pequenos itatibenses\u201d, lembra o Prefeito Jo\u00e3o Fattori. Entre as atividades est\u00e3o exposi\u00e7\u00e3o de arte, Simp\u00f3sio de Educa\u00e7\u00e3o, oficinas, teatros e orienta\u00e7\u00f5es voltadas especificamente \u00e0 sa\u00fade da gestante e da crian\u00e7a de 0 a 3 anos. A programa\u00e7\u00e3o \u00e9 fruto de a\u00e7\u00f5es conjuntas das Secretarias Municipais da Educa\u00e7\u00e3o, da Sa\u00fade e de A\u00e7\u00e3o Social, Trabalho e Renda.<\/p>\n<p>Durante seis dias todas as unidades de atendimento da Sa\u00fade, Educa\u00e7\u00e3o e Assist\u00eancia Social de Itatiba ter\u00e3o uma programa\u00e7\u00e3o especial no intuito de sensibilizar a popula\u00e7\u00e3o para a import\u00e2ncia do desenvolvimento integral e integrado nos primeiros anos de vida. Na \u00e1rea da Sa\u00fade duas a\u00e7\u00f5es marcaram esta segunda-feira, dia 5 de novembro. Em todas as unidades de sa\u00fade foi constru\u00edda a \u2018arvore da vida\u2019 com palavras que mostram o que todo beb\u00ea precisa ter nos primeiros anos de vida, com fotos de beb\u00eas atendidos em cada unidade com seus pais, irm\u00e3os, av\u00f3s etc. As equipes atenderam vestidas como &#8216;doutores da alegria&#8217;. Nas salas de espera haver\u00e1 brinquedotecas e ser\u00e1 apresentado o v\u00eddeo do programa Nota 10. V\u00e1rias oficinas acontecer\u00e3o simultaneamente nas diversas unidades de Estrat\u00e9gia de Sa\u00fade da Fam\u00edlia, Unidades B\u00e1sicas de Sa\u00fade e Centro de Aten\u00e7\u00e3o \u00e0 Crian\u00e7a.<\/p>\n<p>No PSF do San Francisco, a abertura da Semana do Beb\u00ea contou com uma sess\u00e3o de cinema voltada para o p\u00fablico infantil. Nos PSFs Ceci e Zupardo aconteceram grupos de Estimula\u00e7\u00e3o do Desenvolvimento Neuropsicomotor e Shantala.<\/p>\n<p><strong>CAC<\/strong><\/p>\n<p>No CAC (Centro de Aten\u00e7\u00e3o \u00e0 Crian\u00e7a) foi criado um t\u00fanel no corredor de acesso \u00e0 sala de vacinas, por dentro do qual pais, m\u00e3es ou outros acompanhantes passar\u00e3o por pequenos \u2018obst\u00e1culos\u2019 com perguntas (\u2018voc\u00ea j\u00e1 olhou para o seu filho hoje?\u2019, \u2018voc\u00ea j\u00e1 beijou seu filho hoje?\u2019, \u2018voc\u00ea j\u00e1 fez um carinho no seu filho hoje?\u2019) e dependendo da resposta ou mesmo que a resposta seja positiva o gesto dever\u00e1 acontecer para que possam passar para o pr\u00f3ximo ponto. No final do t\u00fanel foi criado um espa\u00e7o l\u00fadico onde os pais podem brincar com seus filhos enquanto aguardam o atendimento, e ser\u00e3o confeccionados os pain\u00e9is \u2013 M\u00e3os do Futuro.<\/p>\n<p>Todos os dias de manh\u00e3 funciona o plant\u00e3o do Projeto Semente, com triagem de beb\u00eas de risco e orienta\u00e7\u00e3o ao aleitamento materno. Todas as tardes haver\u00e1 uma sess\u00e3o de cinema com pipoca para a garotada onde os cl\u00e1ssicos Disney ser\u00e3o apresentados \u2013 um filme diferente em cada dia da semana, sempre \u00e0s 14h. Na quarta-feira, dia 7 de novembro, \u00e0s 9h, ser\u00e1 realizada uma oficina de beleza para as m\u00e3es com posterior sess\u00e3o de fotos, que ser\u00e3o entregues como lembran\u00e7a.<\/p>\n<p><strong>Outras a\u00e7\u00f5es<\/strong><\/p>\n<p>Outras a\u00e7\u00f5es tamb\u00e9m fazem parte da Semana do Beb\u00ea. A XIV Exposi\u00e7\u00e3o \u2018Arte na Educa\u00e7\u00e3o Infantil\u2019 segue at\u00e9 o dia 9 de novembro, sexta-feira, com o tema \u2018Pequenos artistas, grandes id\u00e9ias\u2019. Cada unidade escolar organizou sua exposi\u00e7\u00e3o para aprecia\u00e7\u00e3o dos pais e de toda comunidade. Al\u00e9m disso, cada escola conta com uma exposi\u00e7\u00e3o dos brinquedos que os funcion\u00e1rios costumavam brincar quando pequenos.<\/p>\n<p>Dias 7 e 8 de novembro, das 8h30 \u00e0s 10h30 e das 14h30 \u00e0s 16h30 no audit\u00f3rio do Pa\u00e7o Municipal Prefeito Ettore Consoline, acontecer\u00e1 o 3\u00ba Simp\u00f3sio de Educa\u00e7\u00e3o da Crian\u00e7a de 0 a 3 anos, com o tema \u2018Primeir\u00edssima Inf\u00e2ncia \u2013 um olhar para o beb\u00ea Itatibense\u2019.<\/p>\n<p>A Semana do Beb\u00ea faz parte do Programa Primeir\u00edssima Inf\u00e2ncia, que \u00e9 uma parceria entre a Funda\u00e7\u00e3o Maria Cec\u00edlia Souto Vidigal, a Secretaria de Sa\u00fade do Estado de S\u00e3o Paulo e alguns munic\u00edpios paulistas que fazem parte do Colegiado de Gest\u00e3o Regional de Jundia\u00ed(Itupeva, Cabre\u00fava, Campo Limpo Paulista, Itatiba, Jarinu, Jundia\u00ed, Louveira, Morungaba e V\u00e1rzea Paulista).<\/p>\n<p>O Primeir\u00edssima Inf\u00e2ncia conta com v\u00e1rias iniciativas voltadas aos primeiros tr\u00eas anos de vida, quando as crian\u00e7as passam pelas importantes transforma\u00e7\u00f5es, como o estabelecimento de 70% das conex\u00f5es neurais do c\u00e9rebro. Os projetos que comp\u00f5em o programa visam disseminar o conhecimento sobre a gesta\u00e7\u00e3o e a faixa et\u00e1ria entre zero e tr\u00eas anos, promover a articula\u00e7\u00e3o, envolver e mobilizar diferentes setores da sociedade para a pr\u00e1tica de a\u00e7\u00f5es que contribuam para o Desenvolvimento da Primeira Inf\u00e2ncia no cotidiano. A iniciativa engloba interven\u00e7\u00f5es sociais em munic\u00edpios, incentivo a pesquisas, realiza\u00e7\u00e3o de cursos e simp\u00f3sios, elabora\u00e7\u00e3o de publica\u00e7\u00f5es, entre outras a\u00e7\u00f5es.<\/p>\n<p><strong>Programa\u00e7\u00e3o<\/strong><\/p>\n<p><strong>Atividades nos postos do PSF (Programa de Sa\u00fade da Fam\u00edlia)<\/strong><\/p>\n<p>Bairro San Francisco:<\/p>\n<p>7\/11, \u00e0s 9h \u2013 teatro infantil, \u00e0s 14h \u2013 Pesar, medir e brincar<\/p>\n<p>8 \/11, \u00e0s 9h \u2013 oficina de amamenta\u00e7\u00e3o, \u00e0s 14h \u2013 oficina sentindo a nova vida<\/p>\n<p>9\/11, \u00e0s 9h \u2013 painel m\u00e3os do futuro e grupo Bom pra sa\u00fade \u2013 tema especial: \u2018amamenta\u00e7\u00e3o\u2019, \u00e0s 14h \u2013 sala de leitura e brincadeiras<\/p>\n<p>Bairro Centen\u00e1rio<\/p>\n<p>8\/11, \u00e0s 13 h \u2013 grupo de Puericultura \u2013 Especial Semana do Beb\u00ea<\/p>\n<p>9\/11, \u00e0s 9 h \u2013 grupo de gestantes \u2013 Especial Semana do Beb\u00ea<\/p>\n<p>Bairro Na\u00e7\u00f4es (Ceci)<\/p>\n<p>07\/11, das 9h \u00e0s 16h &#8211; Feira da Gestante e do Beb\u00ea com oficinas para pais, beb\u00eas e educadores:<\/p>\n<p>Cuidados com beb\u00eas (pais e educadores de creche);<\/p>\n<p>Ioga para gestantes e beb\u00ea;<\/p>\n<p>Massagem Shantalla;<\/p>\n<p>Musicaliza\u00e7\u00e3o para beb\u00eas;<\/p>\n<p>Papinhas e lancheira saud\u00e1veis;<\/p>\n<p>Ateli\u00ea de pintura com tintas diversas;<\/p>\n<p>Confec\u00e7\u00e3o de brinquedos;<\/p>\n<p>Barriga de gesso;<\/p>\n<p>Circuito de exerc\u00edcios para est\u00edmulo de beb\u00eas;<\/p>\n<p>Brincadeiras na sala de espera;<\/p>\n<p>Feira de trocas de brinquedos (cada crian\u00e7a poder\u00e1 trazer um brinquedo e trocar com outra);<\/p>\n<p>\u00c0s 12h &#8211; Piquenique com gestantes, m\u00e3es e beb\u00eas.<\/p>\n<p><strong>Grupos de Estimula\u00e7\u00e3o do Desenvolvimento Neuropsicomotor e Shantala:<\/strong><\/p>\n<p>7\/11, das 7h \u00e0s 17, no PSF do bairro Santa Cruz<\/p>\n<p><strong>Festa de Encerramento<\/strong><\/p>\n<p>10\/11, das 9h \u00e0s 13h, Parque Lu\u00eds Latorre, com presen\u00e7a das autoridades locais e representantes da Funda\u00e7\u00e3o Maria Cec\u00edlia Souto Vidigal.<\/p>\n<p>Atividades deste dia:<\/p>\n<p>Stand da Biblioteca Municipal com espa\u00e7o interativo;<\/p>\n<p>Pintando o sete \u2013 pais e filhos fazendo arte;<\/p>\n<p>Circuito para os beb\u00eas \u2013 tapetes sensoriais;<\/p>\n<p>Speed baby \u2013 brincadeira com velotrol;<\/p>\n<p>Brinquedos infl\u00e1veis no gramado;<\/p>\n<p>Stand da sa\u00fade: controle de press\u00e3o arterial, glicemia para pais, av\u00f3s e acompanhantes em geral, testagem e aconselhamento DST-Aids, orienta\u00e7\u00e3o sobre aleitamento Materno;<\/p>\n<p>Setor de alimenta\u00e7\u00e3o com barracas de entidades assistenciais de Itatiba.<\/p>\n<p>Durante toda a semana, integrantes do comit\u00ea local, formado por funcion\u00e1rios das Secretarias de Sa\u00fade, Educa\u00e7\u00e3o e de A\u00e7\u00e3o Social, Trabalho e Renda, far\u00e3o apresenta\u00e7\u00e3o do programa Primeir\u00edssima Inf\u00e2ncia para empresas, <a title=\"C\u00e2mara Municipal de Itatiba\" href=\"http:\/\/www.encontraitatiba.com.br\/itatiba\/camara-municipal-de-itatiba.shtml\" target=\"_blank\">C\u00e2mara Municipal de Itatiba<\/a>, Rotary Club, entre outras institui\u00e7\u00f5es.<\/p>\n<p><em>Fonte: Portal Novidade<\/em><\/p>\n","protected":false},"excerpt":{"rendered":"<p>Se voc\u00ea tem um filho com idade entre 0 e 3 anos ou \u00e9 gestante aproveite: teve in\u00edcio nesta segunda-feira, dia 5 de novembro, a Semana do Beb\u00ea. A Prefeitura de Itatiba preparou uma s\u00e9rie de atividades no CAC (Centro de Atendimento \u00e0 Crian\u00e7a), Caismi (Centro de Aten\u00e7\u00e3o Integral \u00e0 Sa\u00fade da Mulher), unidades de [&hellip;]<\/p>\n","protected":false},"author":1,"featured_media":0,"comment_status":"open","ping_status":"open","sticky":false,"template":"","format":"standard","meta":{"footnotes":""},"categories":[6],"tags":[],"class_list":["post-367","post","type-post","status-publish","format-standard","hentry","category-noticias"],"_links":{"self":[{"href":"https:\/\/www.encontraitatiba.com.br\/noticias\/wp-json\/wp\/v2\/posts\/367","targetHints":{"allow":["GET"]}}],"collection":[{"href":"https:\/\/www.encontraitatiba.com.br\/noticias\/wp-json\/wp\/v2\/posts"}],"about":[{"href":"https:\/\/www.encontraitatiba.com.br\/noticias\/wp-json\/wp\/v2\/types\/post"}],"author":[{"embeddable":true,"href":"https:\/\/www.encontraitatiba.com.br\/noticias\/wp-json\/wp\/v2\/users\/1"}],"replies":[{"embeddable":true,"href":"https:\/\/www.encontraitatiba.com.br\/noticias\/wp-json\/wp\/v2\/comments?post=367"}],"version-history":[{"count":2,"href":"https:\/\/www.encontraitatiba.com.br\/noticias\/wp-json\/wp\/v2\/posts\/367\/revisions"}],"predecessor-version":[{"id":909,"href":"https:\/\/www.encontraitatiba.com.br\/noticias\/wp-json\/wp\/v2\/posts\/367\/revisions\/909"}],"wp:attachment":[{"href":"https:\/\/www.encontraitatiba.com.br\/noticias\/wp-json\/wp\/v2\/media?parent=367"}],"wp:term":[{"taxonomy":"category","embeddable":true,"href":"https:\/\/www.encontraitatiba.com.br\/noticias\/wp-json\/wp\/v2\/categories?post=367"},{"taxonomy":"post_tag","embeddable":true,"href":"https:\/\/www.encontraitatiba.com.br\/noticias\/wp-json\/wp\/v2\/tags?post=367"}],"curies":[{"name":"wp","href":"https:\/\/api.w.org\/{rel}","templated":true}]}}