{"id":40,"date":"2011-12-05T14:15:07","date_gmt":"2011-12-05T16:15:07","guid":{"rendered":"http:\/\/www.encontraitatiba.com.br\/noticias\/?p=40"},"modified":"2013-08-14T13:47:42","modified_gmt":"2013-08-14T15:47:42","slug":"sesi-itatiba-tera-periodo-integral-a-partir-de-2012-%e2%80%8e","status":"publish","type":"post","link":"https:\/\/www.encontraitatiba.com.br\/noticias\/sesi-itatiba-tera-periodo-integral-a-partir-de-2012-%e2%80%8e\/","title":{"rendered":"Sesi Itatiba ter\u00e1 per\u00edodo integral a partir de 2012 \u200e"},"content":{"rendered":"<p>Inaugurada oficialmente nesta sexta-feira (2), a escola Sesi da cidade Itatiba passar\u00e1 a ter per\u00edodo integral a partir do pr\u00f3ximo ano. A princ\u00edpio, apenas classes do primeiro ao sexto do Ensino Fundamental ficar\u00e3o manh\u00e3 e tarde na escola. Progressivamente, outras salas ser\u00e3o inclu\u00eddas no regime.<\/p>\n<p>Hoje o Sesi funciona com aproximadamente 500 alunos, divididos em 15 salas de aulas. Para o pr\u00f3ximo ano letivo, a escola ter\u00e1 um acr\u00e9scimo de 32 alunos, numa nova sala aberta \u00e0s crian\u00e7as de primeiro ano do Fundamental. Para as demais s\u00e9ries, n\u00e3o houve abertura de novas vagas.<\/p>\n<p>As inscri\u00e7\u00f5es foram disponibilizadas apenas para benefici\u00e1rios do Sesi [pessoas que integram ou trabalham em ind\u00fastrias] e n\u00e3o \u00e0 popula\u00e7\u00e3o geral. A supervisora de ensino da unidade, Marisa Sergoli, explica: \u201cMesmo sem abrir \u00e0 popula\u00e7\u00e3o em geral, a demanda por vagas foi muito maior do que podemos oferecer\u201d, diz. Por isso, na segunda-feira, a partir das 9h, a escola ter\u00e1 sorteio eletr\u00f4nico das vagas para 2012, em evento aberto a todos os pais dos inscritos.<\/p>\n<p>Hoje o Sesi Itatiba atende do 1\u00ba ao 9\u00ba ano de ensino fundamental; 1\u00ba ao 3\u00ba do m\u00e9dio, sala de Educa\u00e7\u00e3o de Jovens e Adultos (Eja) e sala de educa\u00e7\u00e3o \u00e0 dist\u00e2ncia. A tend\u00eancia \u00e9 de expans\u00e3o at\u00e9 atender aproximadamente 700 alunos, para qual a infraestrutura foi projetada.<\/p>\n<p>O novo pr\u00e9dio j\u00e1 oferece sala multidisciplinar, de ci\u00eancia e tecnologia, duas \u00e1reas de conviv\u00eancia, um laborat\u00f3rio de inform\u00e1tica educacional com 37 computadores, biblioteca e quadra poliesportiva coberta.<\/p>\n<p>Todas as depend\u00eancias da escola, constru\u00edda ao lado do residencial Beija-Flor, estavam abertas \u00e0 visita\u00e7\u00e3o p\u00fablica na tarde de ontem. Entre apresenta\u00e7\u00f5es musicais de alunos, familiares e visitantes conheceram o pr\u00e9dio, com destaque aos laborat\u00f3rios e biblioteca.<\/p>\n<p><strong>Cerim\u00f4nia\/<\/strong>A solenidade que marcou a inaugura\u00e7\u00e3o oficial do Sesi \u2013 em novo pr\u00e9dio desde o final de outubro \u2013 trouxe as principais autoridades da ind\u00fastria paulista para Itatiba. O presidente da Fiesp [Federa\u00e7\u00e3o das Ind\u00fastrias do Estado de S\u00e3o Paulo] e do Conselho do Sesi-SP, Paulo Skaf, fez o discurso oficial de inaugura\u00e7\u00e3o para uma quadra lotada de pais de alunos e convidados. A cerim\u00f4nia empossou ainda o patrono da escola, comendador Em\u00edlio Benjamin Jaffet, industrial da \u00e1rea t\u00eaxtil que teve neg\u00f3cios em Itatiba. A fam\u00edlia j\u00e1 \u00e9 conhecida na cidade por dar nome ao loteamento Aida Haddad Jaffet, em frente ao bairro Jardim das Na\u00e7\u00f5es, mulher do patrono.<\/p>\n<p><em>Fonte: Rede Bom Dia<\/em><\/p>\n","protected":false},"excerpt":{"rendered":"<p>Inaugurada oficialmente nesta sexta-feira (2), a escola Sesi da cidade Itatiba passar\u00e1 a ter per\u00edodo integral a partir do pr\u00f3ximo ano. A princ\u00edpio, apenas classes do primeiro ao sexto do Ensino Fundamental ficar\u00e3o manh\u00e3 e tarde na escola. Progressivamente, outras salas ser\u00e3o inclu\u00eddas no regime. Hoje o Sesi funciona com aproximadamente 500 alunos, divididos em [&hellip;]<\/p>\n","protected":false},"author":1,"featured_media":0,"comment_status":"open","ping_status":"open","sticky":false,"template":"","format":"standard","meta":{"footnotes":""},"categories":[6],"tags":[],"class_list":["post-40","post","type-post","status-publish","format-standard","hentry","category-noticias"],"_links":{"self":[{"href":"https:\/\/www.encontraitatiba.com.br\/noticias\/wp-json\/wp\/v2\/posts\/40","targetHints":{"allow":["GET"]}}],"collection":[{"href":"https:\/\/www.encontraitatiba.com.br\/noticias\/wp-json\/wp\/v2\/posts"}],"about":[{"href":"https:\/\/www.encontraitatiba.com.br\/noticias\/wp-json\/wp\/v2\/types\/post"}],"author":[{"embeddable":true,"href":"https:\/\/www.encontraitatiba.com.br\/noticias\/wp-json\/wp\/v2\/users\/1"}],"replies":[{"embeddable":true,"href":"https:\/\/www.encontraitatiba.com.br\/noticias\/wp-json\/wp\/v2\/comments?post=40"}],"version-history":[{"count":2,"href":"https:\/\/www.encontraitatiba.com.br\/noticias\/wp-json\/wp\/v2\/posts\/40\/revisions"}],"predecessor-version":[{"id":674,"href":"https:\/\/www.encontraitatiba.com.br\/noticias\/wp-json\/wp\/v2\/posts\/40\/revisions\/674"}],"wp:attachment":[{"href":"https:\/\/www.encontraitatiba.com.br\/noticias\/wp-json\/wp\/v2\/media?parent=40"}],"wp:term":[{"taxonomy":"category","embeddable":true,"href":"https:\/\/www.encontraitatiba.com.br\/noticias\/wp-json\/wp\/v2\/categories?post=40"},{"taxonomy":"post_tag","embeddable":true,"href":"https:\/\/www.encontraitatiba.com.br\/noticias\/wp-json\/wp\/v2\/tags?post=40"}],"curies":[{"name":"wp","href":"https:\/\/api.w.org\/{rel}","templated":true}]}}