{"id":420,"date":"2012-12-21T00:15:42","date_gmt":"2012-12-21T02:15:42","guid":{"rendered":"http:\/\/www.encontraitatiba.com.br\/noticias\/?p=420"},"modified":"2013-08-14T13:47:44","modified_gmt":"2013-08-14T15:47:44","slug":"graca-e-tecnica-marcam-festival-de-ginastica-artistica-em-itatiba","status":"publish","type":"post","link":"https:\/\/www.encontraitatiba.com.br\/noticias\/graca-e-tecnica-marcam-festival-de-ginastica-artistica-em-itatiba\/","title":{"rendered":"Gra\u00e7a e t\u00e9cnica marcam Festival de Gin\u00e1stica Art\u00edstica em Itatiba"},"content":{"rendered":"<p>Muita gra\u00e7a e alto n\u00edvel t\u00e9cnico marcaram a primeira apresenta\u00e7\u00e3o de encerramento de ano do Polo Esportivo Oeste, que aconteceu no \u00faltimo s\u00e1bado, dia 15 de dezembro. Participaram da apresenta\u00e7\u00e3o cerca de 60 ginastas entre integrantes da sele\u00e7\u00e3o itatibense e crian\u00e7as que participam das aulas ministradas pela t\u00e9cnica Izilda de F\u00e1tima Pereira.<\/p>\n<p>O encerramento das atividades contou com o XXVII Festival de Gin\u00e1stica Art\u00edstica. As apresenta\u00e7\u00f5es foram divididas por idade. Das menores \u00e0s maiores, a destreza das ginastas impressionou o p\u00fablico, que prendia a respira\u00e7\u00e3o a cada salto, a cada pirueta.<\/p>\n<p>A apresenta\u00e7\u00e3o foi a \u00faltima atividade da gin\u00e1stica ol\u00edmpica em 2012. As atletas entraram em f\u00e9rias e retomar\u00e3o os treinos no dia 14 de janeiro de 2013. Durante esse per\u00edodo, o Polo Oeste continua aberto para novas inscri\u00e7\u00f5es. O hor\u00e1rio de atendimento \u00e9 de segunda a sexta-feira das 8h \u00e0s 11h e das 13h \u00e0s 17h. O Polo Oeste \u00e9 a sede do Centro de Excel\u00eancia de Gin\u00e1stica Art\u00edstica, uma modalidade esportiva que vem ganhando for\u00e7a na cidade. A atividade \u00e9 voltada para jovens de ambos os sexos com at\u00e9 16 anos de idade.<\/p>\n<p><em>Fonte: Prefeitura Itatiba<\/em><\/p>\n","protected":false},"excerpt":{"rendered":"<p>Muita gra\u00e7a e alto n\u00edvel t\u00e9cnico marcaram a primeira apresenta\u00e7\u00e3o de encerramento de ano do Polo Esportivo Oeste, que aconteceu no \u00faltimo s\u00e1bado, dia 15 de dezembro. Participaram da apresenta\u00e7\u00e3o cerca de 60 ginastas entre integrantes da sele\u00e7\u00e3o itatibense e crian\u00e7as que participam das aulas ministradas pela t\u00e9cnica Izilda de F\u00e1tima Pereira. O encerramento das [&hellip;]<\/p>\n","protected":false},"author":1,"featured_media":0,"comment_status":"open","ping_status":"open","sticky":false,"template":"","format":"standard","meta":{"footnotes":""},"categories":[6],"tags":[],"class_list":["post-420","post","type-post","status-publish","format-standard","hentry","category-noticias"],"_links":{"self":[{"href":"https:\/\/www.encontraitatiba.com.br\/noticias\/wp-json\/wp\/v2\/posts\/420","targetHints":{"allow":["GET"]}}],"collection":[{"href":"https:\/\/www.encontraitatiba.com.br\/noticias\/wp-json\/wp\/v2\/posts"}],"about":[{"href":"https:\/\/www.encontraitatiba.com.br\/noticias\/wp-json\/wp\/v2\/types\/post"}],"author":[{"embeddable":true,"href":"https:\/\/www.encontraitatiba.com.br\/noticias\/wp-json\/wp\/v2\/users\/1"}],"replies":[{"embeddable":true,"href":"https:\/\/www.encontraitatiba.com.br\/noticias\/wp-json\/wp\/v2\/comments?post=420"}],"version-history":[{"count":2,"href":"https:\/\/www.encontraitatiba.com.br\/noticias\/wp-json\/wp\/v2\/posts\/420\/revisions"}],"predecessor-version":[{"id":798,"href":"https:\/\/www.encontraitatiba.com.br\/noticias\/wp-json\/wp\/v2\/posts\/420\/revisions\/798"}],"wp:attachment":[{"href":"https:\/\/www.encontraitatiba.com.br\/noticias\/wp-json\/wp\/v2\/media?parent=420"}],"wp:term":[{"taxonomy":"category","embeddable":true,"href":"https:\/\/www.encontraitatiba.com.br\/noticias\/wp-json\/wp\/v2\/categories?post=420"},{"taxonomy":"post_tag","embeddable":true,"href":"https:\/\/www.encontraitatiba.com.br\/noticias\/wp-json\/wp\/v2\/tags?post=420"}],"curies":[{"name":"wp","href":"https:\/\/api.w.org\/{rel}","templated":true}]}}