{"id":435,"date":"2013-01-04T01:03:00","date_gmt":"2013-01-04T03:03:00","guid":{"rendered":"http:\/\/www.encontraitatiba.com.br\/noticias\/?p=435"},"modified":"2013-08-14T13:47:43","modified_gmt":"2013-08-14T15:47:43","slug":"itatiba-abertas-as-inscricoes-para-as-cortes-adulta-e-mirim","status":"publish","type":"post","link":"https:\/\/www.encontraitatiba.com.br\/noticias\/itatiba-abertas-as-inscricoes-para-as-cortes-adulta-e-mirim\/","title":{"rendered":"Itatiba: Abertas as inscri\u00e7\u00f5es para as Cortes Adulta e Mirim"},"content":{"rendered":"<p>As inscri\u00e7\u00f5es para a corte do carnaval Carnaval Tamanho Fam\u00edlia 2013 tiveram in\u00edcio nesta quarta-feira, dia 2. O evento \u00e9 uma realiza\u00e7\u00e3o da Prefeitura de Itatiba, sob a coordena\u00e7\u00e3o da Secretaria de Cultura e Turismo.<\/p>\n<p>&#8220;J\u00e1 estamos trabalhando nesta que \u00e9 a primeira grande festa do ano. Mais uma vez as fam\u00edlias itatibenses poder\u00e3o se divertir em um dos melhores carnavais da regi\u00e3o&#8221;, disse o Prefeito Jo\u00e3o Fattori.<\/p>\n<p><strong>Corte Adulta<\/strong><br \/>\nPara participar do concurso que eleger\u00e1 a Corte Adulta, os candidatos e candidatas devem residir na cidade; possuir idade m\u00ednima de 18 anos; gozar de boa sa\u00fade, n\u00e3o apresentando qualquer condi\u00e7\u00e3o m\u00e9dica inadequada para a fun\u00e7\u00e3o na Corte (gravidez, problemas card\u00edacos graves, por exemplo); caso tenha contrato de trabalho, dever\u00e1 apresentar declara\u00e7\u00e3o do empregador, consentindo na sua libera\u00e7\u00e3o para cumprir os compromissos como Rei Momo, Rainha e\/ou Princesas; ter conclu\u00eddo o 1\u00ba Grau; n\u00e3o possuir pend\u00eancias legais; e n\u00e3o possuir antecedentes criminais. Os eleitos receber\u00e3o pr\u00eamios em dinheiro que v\u00e3o de R$ 800 a R$ 1.000.<\/p>\n<p><strong>Corte Mirim<\/strong><br \/>\nAs inscri\u00e7\u00f5es do Concurso para escolha da Corte Mirim do Carnaval Tamanho Fam\u00edlia 2012 tamb\u00e9m tiveram in\u00edcio nesta quarta-feira, dia 2 de janeiro. Para se inscrever no concurso os candidatos e as candidatas devem residir na cidade; possuir idade m\u00ednima de 6 anos e a m\u00e1xima de 10 anos completos at\u00e9 31 de janeiro de 2013. Al\u00e9m da Rainha, duas princesas e o Rei Momo, a Corte Mirim conta ainda com o Sambista de Ouro.<\/p>\n<p><strong>Inscri\u00e7\u00f5es<\/strong><br \/>\nOs candidatos e candidatas de ambos os concursos poder\u00e3o inscrever-se gratuitamente de modo independente ou representando Clubes, Escolas de Samba e Blocos Carnavalesco de Itatiba. As inscri\u00e7\u00f5es v\u00e3o at\u00e9 o pr\u00f3ximo dia 9 de janeiro. Os regulamentos, fichas e termos estar\u00e3o dispon\u00edveis para impress\u00e3o no site da Prefeitura:, no \u00edcone \u2018Carnaval Tamanho Fam\u00edlia 2013&#8242;.<\/p>\n<p>Os interessados devem retirar os formul\u00e1rios junto \u00e0s Escolas de Samba ou na Secretaria de Cultura e Turismo, na Rua Antonio Ferraz Costa s\/n\u00ba, Parque Ferraz Costa, das 8h \u00e0s 17h, de segunda a sexta-feira; ou no <a title=\"Museu Hist\u00f3rico 'Padre Lima'\" href=\"http:\/\/www.encontraitatiba.com.br\/itatiba\/museu-historico-municipal-padre-francisco-de-paula-lima-em-itatiba.shtml\" target=\"_blank\">Museu Hist\u00f3rico &#8216;Padre Lima&#8217;<\/a>, Pra\u00e7a da Bandeira, n\u00ba 122, Centro, Telefone (11) 4524-1264, de ter\u00e7a a sexta-feira, das 9h \u00e0s 18h, e aos s\u00e1bados, domingos e feriados, das 10h \u00e0s 15h. Os formul\u00e1rios preenchidos devem ser entregues na Secretaria ou no Museu. Mais informa\u00e7\u00f5es pelo telefone (11) 4538-0917 ou e-mail cultura@itatiba.sp.gov.br. N\u00e3o ser\u00e3o aceitas inscri\u00e7\u00f5es sem a devida documenta\u00e7\u00e3o.<\/p>\n<p>A elei\u00e7\u00e3o acontecer\u00e1 no pavilh\u00e3o coberto do <a title=\"Parque Lu\u00eds Latorre\" href=\"http:\/\/www.encontraitatiba.com.br\/itatiba\/parque-luis-latorre-em-itatiba.shtml\" target=\"_blank\">Parque Lu\u00eds Latorre<\/a> no pr\u00f3ximo dia 20 de janeiro, um domingo. O evento ter\u00e1 in\u00edcio \u00e0s 14h com a escolha da Corte Mirim. A elei\u00e7\u00e3o da Corte Adulta ser\u00e1 \u00e0s 16h. O evento ser\u00e1 aberto ao p\u00fablico.<\/p>\n<p><em>Fonte: Prefeitura Itatiba<\/em><\/p>\n","protected":false},"excerpt":{"rendered":"<p>As inscri\u00e7\u00f5es para a corte do carnaval Carnaval Tamanho Fam\u00edlia 2013 tiveram in\u00edcio nesta quarta-feira, dia 2. O evento \u00e9 uma realiza\u00e7\u00e3o da Prefeitura de Itatiba, sob a coordena\u00e7\u00e3o da Secretaria de Cultura e Turismo. &#8220;J\u00e1 estamos trabalhando nesta que \u00e9 a primeira grande festa do ano. Mais uma vez as fam\u00edlias itatibenses poder\u00e3o se [&hellip;]<\/p>\n","protected":false},"author":1,"featured_media":0,"comment_status":"open","ping_status":"open","sticky":false,"template":"","format":"standard","meta":{"footnotes":""},"categories":[6],"tags":[],"class_list":["post-435","post","type-post","status-publish","format-standard","hentry","category-noticias"],"_links":{"self":[{"href":"https:\/\/www.encontraitatiba.com.br\/noticias\/wp-json\/wp\/v2\/posts\/435","targetHints":{"allow":["GET"]}}],"collection":[{"href":"https:\/\/www.encontraitatiba.com.br\/noticias\/wp-json\/wp\/v2\/posts"}],"about":[{"href":"https:\/\/www.encontraitatiba.com.br\/noticias\/wp-json\/wp\/v2\/types\/post"}],"author":[{"embeddable":true,"href":"https:\/\/www.encontraitatiba.com.br\/noticias\/wp-json\/wp\/v2\/users\/1"}],"replies":[{"embeddable":true,"href":"https:\/\/www.encontraitatiba.com.br\/noticias\/wp-json\/wp\/v2\/comments?post=435"}],"version-history":[{"count":2,"href":"https:\/\/www.encontraitatiba.com.br\/noticias\/wp-json\/wp\/v2\/posts\/435\/revisions"}],"predecessor-version":[{"id":757,"href":"https:\/\/www.encontraitatiba.com.br\/noticias\/wp-json\/wp\/v2\/posts\/435\/revisions\/757"}],"wp:attachment":[{"href":"https:\/\/www.encontraitatiba.com.br\/noticias\/wp-json\/wp\/v2\/media?parent=435"}],"wp:term":[{"taxonomy":"category","embeddable":true,"href":"https:\/\/www.encontraitatiba.com.br\/noticias\/wp-json\/wp\/v2\/categories?post=435"},{"taxonomy":"post_tag","embeddable":true,"href":"https:\/\/www.encontraitatiba.com.br\/noticias\/wp-json\/wp\/v2\/tags?post=435"}],"curies":[{"name":"wp","href":"https:\/\/api.w.org\/{rel}","templated":true}]}}