{"id":437,"date":"2013-01-09T10:08:09","date_gmt":"2013-01-09T12:08:09","guid":{"rendered":"http:\/\/www.encontraitatiba.com.br\/noticias\/?p=437"},"modified":"2013-08-14T13:47:45","modified_gmt":"2013-08-14T15:47:45","slug":"prefeitura-de-itatiba-e-sindicato-rural-iniciam-cursos","status":"publish","type":"post","link":"https:\/\/www.encontraitatiba.com.br\/noticias\/prefeitura-de-itatiba-e-sindicato-rural-iniciam-cursos\/","title":{"rendered":"Prefeitura de Itatiba e Sindicato Rural iniciam cursos"},"content":{"rendered":"<p>A Prefeitura de Itatiba, por meio da Secretaria de A\u00e7\u00e3o Social, Trabalho e Renda, em parceria com o Sindicato Rural de Itatiba e o Senar, d\u00e3o in\u00edcio \u00e0 temporada 2013 de cursos. Aproveite esta grande oportunidade!<\/p>\n<p>Durante todo o ano ser\u00e3o disponibilizados gratuitamente diversos cursos que contribuem para a profissionaliza\u00e7\u00e3o, integra\u00e7\u00e3o e melhoria da qualidade de vida do homem rural. S\u00e3o 20 vagas por curso e a idade m\u00ednima para participar \u00e9 16 anos. As inscri\u00e7\u00f5es est\u00e3o abertas e os cursos t\u00eam in\u00edcio ainda em janeiro.<\/p>\n<p>Inscri\u00e7\u00f5es e informa\u00e7\u00f5es com Jos\u00e9 Eduardo pelo telefone 99567-8213 ou na Secretaria da A\u00e7\u00e3o Social, Trabalho e Renda, Av. Marechal Humberto de Alencar Castelo Branco, 677 &#8211; Bairro do Engenho, telefones 4524-0747 \/ 4524-1970 \/ 4594-1717.<\/p>\n<p><strong>Cursos de janeiro:<\/strong><br \/>\n&#8211; Horta Org\u00e2nica &#8211; Sensibiliza\u00e7\u00e3o<br \/>\nData: 28 de janeiro, das 18h \u00e0s 21h<br \/>\nLocal: Casa da Agricultura de Itatiba<\/p>\n<p><strong>Cursos de fevereiro:<\/strong><br \/>\n&#8211; Opera\u00e7\u00e3o e Manuten\u00e7\u00e3o de Ro\u00e7adora Lateral<br \/>\nData: 2 e 3 de fevereiro, das 8h \u00e0s 17h<br \/>\nLocal: Fazenda Santa Esperan\u00e7a<\/p>\n<p>&#8211; Jardinagem &#8211; Implanta\u00e7\u00e3o do Jardim<br \/>\nData: 16, 17, 23 e 24 de fevereiro, das 8h \u00e0s 17h<br \/>\nLocal: Casa da Agricultura de Itatiba<\/p>\n<p><em>Fonte: Prefeitura Itatiba<\/em><\/p>\n","protected":false},"excerpt":{"rendered":"<p>A Prefeitura de Itatiba, por meio da Secretaria de A\u00e7\u00e3o Social, Trabalho e Renda, em parceria com o Sindicato Rural de Itatiba e o Senar, d\u00e3o in\u00edcio \u00e0 temporada 2013 de cursos. Aproveite esta grande oportunidade! Durante todo o ano ser\u00e3o disponibilizados gratuitamente diversos cursos que contribuem para a profissionaliza\u00e7\u00e3o, integra\u00e7\u00e3o e melhoria da qualidade [&hellip;]<\/p>\n","protected":false},"author":1,"featured_media":0,"comment_status":"open","ping_status":"open","sticky":false,"template":"","format":"standard","meta":{"footnotes":""},"categories":[3],"tags":[],"class_list":["post-437","post","type-post","status-publish","format-standard","hentry","category-cursos"],"_links":{"self":[{"href":"https:\/\/www.encontraitatiba.com.br\/noticias\/wp-json\/wp\/v2\/posts\/437","targetHints":{"allow":["GET"]}}],"collection":[{"href":"https:\/\/www.encontraitatiba.com.br\/noticias\/wp-json\/wp\/v2\/posts"}],"about":[{"href":"https:\/\/www.encontraitatiba.com.br\/noticias\/wp-json\/wp\/v2\/types\/post"}],"author":[{"embeddable":true,"href":"https:\/\/www.encontraitatiba.com.br\/noticias\/wp-json\/wp\/v2\/users\/1"}],"replies":[{"embeddable":true,"href":"https:\/\/www.encontraitatiba.com.br\/noticias\/wp-json\/wp\/v2\/comments?post=437"}],"version-history":[{"count":2,"href":"https:\/\/www.encontraitatiba.com.br\/noticias\/wp-json\/wp\/v2\/posts\/437\/revisions"}],"predecessor-version":[{"id":827,"href":"https:\/\/www.encontraitatiba.com.br\/noticias\/wp-json\/wp\/v2\/posts\/437\/revisions\/827"}],"wp:attachment":[{"href":"https:\/\/www.encontraitatiba.com.br\/noticias\/wp-json\/wp\/v2\/media?parent=437"}],"wp:term":[{"taxonomy":"category","embeddable":true,"href":"https:\/\/www.encontraitatiba.com.br\/noticias\/wp-json\/wp\/v2\/categories?post=437"},{"taxonomy":"post_tag","embeddable":true,"href":"https:\/\/www.encontraitatiba.com.br\/noticias\/wp-json\/wp\/v2\/tags?post=437"}],"curies":[{"name":"wp","href":"https:\/\/api.w.org\/{rel}","templated":true}]}}