{"id":44,"date":"2011-12-07T13:08:35","date_gmt":"2011-12-07T15:08:35","guid":{"rendered":"http:\/\/www.encontraitatiba.com.br\/noticias\/?p=44"},"modified":"2013-08-14T13:47:43","modified_gmt":"2013-08-14T15:47:43","slug":"quatro-escolas-da-rede-municipal-de-itatiba-recebem-o-selo-escola-solidaria-do-mec","status":"publish","type":"post","link":"https:\/\/www.encontraitatiba.com.br\/noticias\/quatro-escolas-da-rede-municipal-de-itatiba-recebem-o-selo-escola-solidaria-do-mec\/","title":{"rendered":"Quatro escolas da rede municipal de Itatiba recebem o Selo Escola Solid\u00e1ria do MEC"},"content":{"rendered":"<p>A educa\u00e7\u00e3o de Encontra Itatiba \u00e9 refer\u00eancia no tema inclus\u00e3o social e desenvolvimento de projetos comunit\u00e1rios que tornam o entorno das unidades escolares ainda melhor. Prova disso \u00e9 o agraciamento de quatro escolas da rede municipal de ensino com o Selo Escola Solid\u00e1ria, oferecido pelo Instituto Fa\u00e7a Parte, em parceria com o MEC (Minist\u00e9rio da Educa\u00e7\u00e3o) e com outras entidades como Unesco e Unicef.<\/p>\n<p>Entre as escolas premiadas est\u00e3o: Emeb &#8216;Anna Abreu&#8217;, no bairro do Engenho, Emeb &#8216;Prof\u00ba. Agenor Vedovello&#8217;, no Centen\u00e1rio, Emeb &#8216;Prof\u00aa. Nazareth de Siqueira Rangel Barbosa&#8217;, do NR &#8216;Porto Seguro&#8217;, e a Emei &#8216;Andorinha&#8217;, no Centro.<\/p>\n<p>As escolas foram reconhecidas com o Selo por desenvolverem bons projetos voluntariados e educativos com seus alunos, estimulando a participa\u00e7\u00e3o dos estudantes na resolu\u00e7\u00e3o de problemas da pr\u00f3pria comunidade.<\/p>\n<p>A Emeb &#8216;Anna Abreu&#8217; foi escolhida pelo projeto \u2018A Magia da Leitura\u2019 que conta com a participa\u00e7\u00e3o de 300 alunos da educa\u00e7\u00e3o infantil e de alguns anos do ensino fundamental. Do projeto, participaram, al\u00e9m dos alunos, a equipe gestora, os pais e os funcion\u00e1rios da escola.<\/p>\n<p>O Selo Escola Solid\u00e1ria foi indicado \u00e0 Emeb &#8216;Agenor Vedovello&#8217; por conta do Gr\u00eamio Estudantil e do trabalho voluntariado realizado pelos alunos, com campanhas, doa\u00e7\u00f5es e comemora\u00e7\u00f5es ligadas \u00e0 cidadania. Al\u00e9m dos alunos envolvidos, a escola contou com a colabora\u00e7\u00e3o da comunidade.<\/p>\n<p>Na educa\u00e7\u00e3o infantil, a Emei &#8216;Andorinha&#8217; foi agraciada com o Selo por conta de projeto Escola Volunt\u00e1ria, envolvida com a forma\u00e7\u00e3o pessoal e social dos alunos, incentivando o consumo consciente e sustentabilidade.<\/p>\n<p>J\u00e1 na Emeb &#8216;Nazareth&#8217;, o motivo da escolha foi a Fanfarra Marcial Municipal, a Fanasa, que tem a m\u00fasica como item transformador da realidade escolar e social na comunidade. \u201cComo forma de reconhecimento, nossa escola ser\u00e1 divulgada permanentemente no site do Instituto Fa\u00e7a Parte (www.seloescolasolidaria.org.br), seremos indicados para m\u00eddias parceiras e recebemos o Certificado nominal como reconhecimento do nosso esfor\u00e7o pelo bem do pr\u00f3ximo e da comunidade a que pertencemos. Isso tudo \u00e9 motivo de muita alegria para toda a comunidade escolar\u201d, afirmou Marco Camargo, diretor da Emeb &#8216;Nazareth de Siqueira Rangel Barbosa&#8217;.<\/p>\n<p>\u201cO Instituto Fa\u00e7a Parte divulgar\u00e1 os v\u00eddeos, links e fotos dos projetos escolares das escolas para que todos possam conhecer um pouco dos trabalhos desenvolvidos nas escolas de Itatiba\u201d, afirmou a Secret\u00e1ria de Educa\u00e7\u00e3o, Prof\u00aa. Fatima Polesi Lukjanenko.<\/p>\n<p>Para o Prefeito Jo\u00e3o Fattori, o selo \u00e9 o reconhecimento do comprometimento que as equipes gestoras de cada escola de Itatiba t\u00eam n\u00e3o apenas com o aprendizado dos alunos, mas tamb\u00e9m com a cidadania. &#8220;Parab\u00e9ns a todos os envolvidos nesses projetos destacados pelo MEC e que sirvam de exemplo e incentivo para todos os envolvidos no processo educacional da cidade&#8221;, completou.<\/p>\n<p>Selo Escola Solid\u00e1ria<br \/>\nA elei\u00e7\u00e3o acontece a cada dois anos desde 2003 e at\u00e9 agora cerca de 20 mil escolas brasileiras foram reconhecidas. O Selo Escola Solid\u00e1ria \u00e9 uma realiza\u00e7\u00e3o do Instituto Fa\u00e7a Parte em parceria com MEC (Minist\u00e9rio da Educa\u00e7\u00e3o), Consed (Conselho Nacional de Secret\u00e1rios de Educa\u00e7\u00e3o), Undime (Uni\u00e3o Nacional dos Dirigentes Municipais de Educa\u00e7\u00e3o), Unesco, OEI e Unicef.<\/p>\n<p>Os objetivos do Selo s\u00e3o reconhecer e fortalecer a escola como n\u00facleo de cidadania em sua pr\u00f3pria comunidade, propiciar a troca de experi\u00eancias e articula\u00e7\u00f5es entre Escolas Solid\u00e1rias, divulgar as a\u00e7\u00f5es e os projetos de voluntariado educativo desenvolvido pelas Escolas Solid\u00e1rias, incentivar a pr\u00e1tica do voluntariado educativo e manter a rede de Escolas Solid\u00e1rias.<\/p>\n<p><em>Fonte: AtibaiaNews<\/em><\/p>\n","protected":false},"excerpt":{"rendered":"<p>A educa\u00e7\u00e3o de Encontra Itatiba \u00e9 refer\u00eancia no tema inclus\u00e3o social e desenvolvimento de projetos comunit\u00e1rios que tornam o entorno das unidades escolares ainda melhor. Prova disso \u00e9 o agraciamento de quatro escolas da rede municipal de ensino com o Selo Escola Solid\u00e1ria, oferecido pelo Instituto Fa\u00e7a Parte, em parceria com o MEC (Minist\u00e9rio da [&hellip;]<\/p>\n","protected":false},"author":1,"featured_media":0,"comment_status":"open","ping_status":"open","sticky":false,"template":"","format":"standard","meta":{"footnotes":""},"categories":[6],"tags":[],"class_list":["post-44","post","type-post","status-publish","format-standard","hentry","category-noticias"],"_links":{"self":[{"href":"https:\/\/www.encontraitatiba.com.br\/noticias\/wp-json\/wp\/v2\/posts\/44","targetHints":{"allow":["GET"]}}],"collection":[{"href":"https:\/\/www.encontraitatiba.com.br\/noticias\/wp-json\/wp\/v2\/posts"}],"about":[{"href":"https:\/\/www.encontraitatiba.com.br\/noticias\/wp-json\/wp\/v2\/types\/post"}],"author":[{"embeddable":true,"href":"https:\/\/www.encontraitatiba.com.br\/noticias\/wp-json\/wp\/v2\/users\/1"}],"replies":[{"embeddable":true,"href":"https:\/\/www.encontraitatiba.com.br\/noticias\/wp-json\/wp\/v2\/comments?post=44"}],"version-history":[{"count":3,"href":"https:\/\/www.encontraitatiba.com.br\/noticias\/wp-json\/wp\/v2\/posts\/44\/revisions"}],"predecessor-version":[{"id":724,"href":"https:\/\/www.encontraitatiba.com.br\/noticias\/wp-json\/wp\/v2\/posts\/44\/revisions\/724"}],"wp:attachment":[{"href":"https:\/\/www.encontraitatiba.com.br\/noticias\/wp-json\/wp\/v2\/media?parent=44"}],"wp:term":[{"taxonomy":"category","embeddable":true,"href":"https:\/\/www.encontraitatiba.com.br\/noticias\/wp-json\/wp\/v2\/categories?post=44"},{"taxonomy":"post_tag","embeddable":true,"href":"https:\/\/www.encontraitatiba.com.br\/noticias\/wp-json\/wp\/v2\/tags?post=44"}],"curies":[{"name":"wp","href":"https:\/\/api.w.org\/{rel}","templated":true}]}}