{"id":454,"date":"2013-01-16T01:04:13","date_gmt":"2013-01-16T03:04:13","guid":{"rendered":"http:\/\/www.encontraitatiba.com.br\/noticias\/?p=454"},"modified":"2013-08-14T13:47:43","modified_gmt":"2013-08-14T15:47:43","slug":"corte-da-terceira-idade-tem-inscricoes-abertas-em-itatiba","status":"publish","type":"post","link":"https:\/\/www.encontraitatiba.com.br\/noticias\/corte-da-terceira-idade-tem-inscricoes-abertas-em-itatiba\/","title":{"rendered":"Corte da Terceira Idade tem inscri\u00e7\u00f5es abertas em Itatiba"},"content":{"rendered":"<p>Quem quiser participar do desfile da &#8216;Tamanho Fam\u00edlia Feliz&#8217; do FSS, j\u00e1 pode se inscrever para desfilar no Carnaval 2013 da Prefeitura, e tamb\u00e9m para concorrer no concurso que vai eleger a Corte Carnavalesca.<\/p>\n<p>&#8220;O Carnaval 2013 promete ser muito divertido para todos da Tamanho Fam\u00edlia Feliz e tamb\u00e9m para a Terceira Idade. Al\u00e9m do brilho das fantasias, a Corte da Terceira Idade ir\u00e1 representar todo o grupo com muita alegria&#8221;, disse a Primeira-dama e Presidente do FSS, Prof\u00aa C\u00e1ssia Helena Benaglia Fattori.<\/p>\n<p>As inscri\u00e7\u00f5es, tanto para a Corte quanto para a Escola de Samba, podem ser feitas no Centro de Conviv\u00eancia &#8216;\u00c2ngela Lygia Parodi Scavone&#8217; que fica na Travessa \u00c2ngelo Perd\u00e3o, s\/n, no Jardim Vit\u00f3ria ou no Centro de Capacita\u00e7\u00e3o Solid\u00e1ria (antigo Pa\u00e7o Municipal), que fica na Pra\u00e7a XV de Novembro, n\u00ba01, Centro, at\u00e9 \u00e0s 16h do pr\u00f3ximo dia 16 de janeiro. Mais informa\u00e7\u00f5es pelos telefones 4534-3310 ou 4594-1677.<\/p>\n<p>Para se inscrever para a Corte da Terceira Idade \u00e9 preciso ser cadastrado no Centro de Conviv\u00eancia \u2018\u00c2ngela Lygia Parodi Scavone&#8217;, estar em boas condi\u00e7\u00f5es de sa\u00fade, residir em Itatiba e no caso espec\u00edfico da rainha, n\u00e3o ter sido eleita no ano anterior. Os jurados ir\u00e3o avaliar a eleg\u00e2ncia, simpatia e comunica\u00e7\u00e3o das candidatas. J\u00e1 os candidatos a Rei Momo ser\u00e3o avaliados pelo esp\u00edrito carnavalesco, simpatia e comunica\u00e7\u00e3o.<\/p>\n<p>A elei\u00e7\u00e3o acontecer\u00e1 no pavilh\u00e3o coberto do Parque Lu\u00eds Latorre no pr\u00f3ximo dia 20 de janeiro, domingo. O evento ter\u00e1 in\u00edcio \u00e0s 14h com a escolha da Corte da Terceira Idade. A elei\u00e7\u00e3o da Corte Mirim ser\u00e1 \u00e0s 15h e \u00e0s 16h acontece a Elei\u00e7\u00e3o da Corte Adulta. \u00c0s 17h acontece a apresenta\u00e7\u00e3o da Bateria da Escola de Samba \u00c1guia Dourada e dos casais de Mestre-sala e Porta-bandeira das escolas de Samba. O resultado da elei\u00e7\u00e3o das Cortes est\u00e1 previsto para ser revelado \u00e0s 18h. O evento ser\u00e1 aberto ao p\u00fablico.<\/p>\n<p><strong>Escola de Samba<\/strong><br \/>\nA Escola de Samba &#8216;Tamanho Fam\u00edlia Feliz&#8217; ter\u00e1 sete alas e dois carros aleg\u00f3ricos. Pessoas de todas as idades podem se inscrever para qualquer uma das alas. Gra\u00e7as \u00e0 infraestrutura oferecida pela Prefeitura de Itatiba as fantasias s\u00e3o gratuitas. Com o tema \u2018O mundo n\u00e3o acabou e a voz do povo ecoou&#8217;, a apresenta\u00e7\u00e3o da \u2018Tamanho Fam\u00edlia Feliz&#8217; ir\u00e1 trazer muitas surpresas al\u00e9m de uma breve retrospectiva da trajet\u00f3ria da agremia\u00e7\u00e3o. A bateria da escola ser\u00e1 formada por membros da Fanasa, a Fanfarra Marcial Municipal da Emeb &#8216;Prof\u00aa. Nazareth Rangel de Siqueira Barbosa&#8217;, que, pelo segundo ano consecutivo, ir\u00e3o participar do Carnaval do Fundo Social.<\/p>\n<p><em>Fonte: Prefeitura Itatiba<\/em><\/p>\n","protected":false},"excerpt":{"rendered":"<p>Quem quiser participar do desfile da &#8216;Tamanho Fam\u00edlia Feliz&#8217; do FSS, j\u00e1 pode se inscrever para desfilar no Carnaval 2013 da Prefeitura, e tamb\u00e9m para concorrer no concurso que vai eleger a Corte Carnavalesca. &#8220;O Carnaval 2013 promete ser muito divertido para todos da Tamanho Fam\u00edlia Feliz e tamb\u00e9m para a Terceira Idade. Al\u00e9m do [&hellip;]<\/p>\n","protected":false},"author":1,"featured_media":0,"comment_status":"open","ping_status":"open","sticky":false,"template":"","format":"standard","meta":{"footnotes":""},"categories":[6],"tags":[],"class_list":["post-454","post","type-post","status-publish","format-standard","hentry","category-noticias"],"_links":{"self":[{"href":"https:\/\/www.encontraitatiba.com.br\/noticias\/wp-json\/wp\/v2\/posts\/454","targetHints":{"allow":["GET"]}}],"collection":[{"href":"https:\/\/www.encontraitatiba.com.br\/noticias\/wp-json\/wp\/v2\/posts"}],"about":[{"href":"https:\/\/www.encontraitatiba.com.br\/noticias\/wp-json\/wp\/v2\/types\/post"}],"author":[{"embeddable":true,"href":"https:\/\/www.encontraitatiba.com.br\/noticias\/wp-json\/wp\/v2\/users\/1"}],"replies":[{"embeddable":true,"href":"https:\/\/www.encontraitatiba.com.br\/noticias\/wp-json\/wp\/v2\/comments?post=454"}],"version-history":[{"count":2,"href":"https:\/\/www.encontraitatiba.com.br\/noticias\/wp-json\/wp\/v2\/posts\/454\/revisions"}],"predecessor-version":[{"id":758,"href":"https:\/\/www.encontraitatiba.com.br\/noticias\/wp-json\/wp\/v2\/posts\/454\/revisions\/758"}],"wp:attachment":[{"href":"https:\/\/www.encontraitatiba.com.br\/noticias\/wp-json\/wp\/v2\/media?parent=454"}],"wp:term":[{"taxonomy":"category","embeddable":true,"href":"https:\/\/www.encontraitatiba.com.br\/noticias\/wp-json\/wp\/v2\/categories?post=454"},{"taxonomy":"post_tag","embeddable":true,"href":"https:\/\/www.encontraitatiba.com.br\/noticias\/wp-json\/wp\/v2\/tags?post=454"}],"curies":[{"name":"wp","href":"https:\/\/api.w.org\/{rel}","templated":true}]}}