{"id":46,"date":"2011-12-09T14:43:26","date_gmt":"2011-12-09T16:43:26","guid":{"rendered":"http:\/\/www.encontraitatiba.com.br\/noticias\/?p=46"},"modified":"2013-08-14T13:47:42","modified_gmt":"2013-08-14T15:47:42","slug":"centros-comunitarios-de-itatiba-celebram-o-natal","status":"publish","type":"post","link":"https:\/\/www.encontraitatiba.com.br\/noticias\/centros-comunitarios-de-itatiba-celebram-o-natal\/","title":{"rendered":"Centros Comunit\u00e1rios de Itatiba celebram o Natal"},"content":{"rendered":"<p>Marizelda Balbulina, 47, representando toda a comunidade do bairro, agradeceu a dedica\u00e7\u00e3o da Prefeitura da cidade Itatiba. \u201cFico muito feliz em ver uma Prefeitura que realmente se preocupa com a comunidade e faz de tudo pensando no bem estar do povo. Desejamos que, no pr\u00f3ximo ano, o Prefeito persista no trabalho verdadeiro que vem executando\u201d, disse.<\/p>\n<p>A pr\u00f3xima festa acontece no dia 12 de dezembro, no Centro Comunit\u00e1rio do NR Jo\u00e3o Corradini, \u00e0s 14h. At\u00e9 o dia 16 de dezembro todos os Centro Comunit\u00e1rios ter\u00e3o confraterniza\u00e7\u00f5es de Natal reunindo mais de 3 mil pessoas.<\/p>\n<p><em>Fonte: Prefeitura de Itatiba<\/em><\/p>\n","protected":false},"excerpt":{"rendered":"<p>Marizelda Balbulina, 47, representando toda a comunidade do bairro, agradeceu a dedica\u00e7\u00e3o da Prefeitura da cidade Itatiba. \u201cFico muito feliz em ver uma Prefeitura que realmente se preocupa com a comunidade e faz de tudo pensando no bem estar do povo. Desejamos que, no pr\u00f3ximo ano, o Prefeito persista no trabalho verdadeiro que vem executando\u201d, [&hellip;]<\/p>\n","protected":false},"author":1,"featured_media":0,"comment_status":"open","ping_status":"open","sticky":false,"template":"","format":"standard","meta":{"footnotes":""},"categories":[6],"tags":[],"class_list":["post-46","post","type-post","status-publish","format-standard","hentry","category-noticias"],"_links":{"self":[{"href":"https:\/\/www.encontraitatiba.com.br\/noticias\/wp-json\/wp\/v2\/posts\/46","targetHints":{"allow":["GET"]}}],"collection":[{"href":"https:\/\/www.encontraitatiba.com.br\/noticias\/wp-json\/wp\/v2\/posts"}],"about":[{"href":"https:\/\/www.encontraitatiba.com.br\/noticias\/wp-json\/wp\/v2\/types\/post"}],"author":[{"embeddable":true,"href":"https:\/\/www.encontraitatiba.com.br\/noticias\/wp-json\/wp\/v2\/users\/1"}],"replies":[{"embeddable":true,"href":"https:\/\/www.encontraitatiba.com.br\/noticias\/wp-json\/wp\/v2\/comments?post=46"}],"version-history":[{"count":3,"href":"https:\/\/www.encontraitatiba.com.br\/noticias\/wp-json\/wp\/v2\/posts\/46\/revisions"}],"predecessor-version":[{"id":48,"href":"https:\/\/www.encontraitatiba.com.br\/noticias\/wp-json\/wp\/v2\/posts\/46\/revisions\/48"}],"wp:attachment":[{"href":"https:\/\/www.encontraitatiba.com.br\/noticias\/wp-json\/wp\/v2\/media?parent=46"}],"wp:term":[{"taxonomy":"category","embeddable":true,"href":"https:\/\/www.encontraitatiba.com.br\/noticias\/wp-json\/wp\/v2\/categories?post=46"},{"taxonomy":"post_tag","embeddable":true,"href":"https:\/\/www.encontraitatiba.com.br\/noticias\/wp-json\/wp\/v2\/tags?post=46"}],"curies":[{"name":"wp","href":"https:\/\/api.w.org\/{rel}","templated":true}]}}