{"id":473,"date":"2013-02-05T00:48:26","date_gmt":"2013-02-05T02:48:26","guid":{"rendered":"http:\/\/www.encontraitatiba.com.br\/noticias\/?p=473"},"modified":"2013-08-14T13:47:49","modified_gmt":"2013-08-14T15:47:49","slug":"itatiba-adere-ao-programa-sao-paulo-amigo-do-idoso","status":"publish","type":"post","link":"https:\/\/www.encontraitatiba.com.br\/noticias\/itatiba-adere-ao-programa-sao-paulo-amigo-do-idoso\/","title":{"rendered":"Itatiba adere ao Programa S\u00e3o Paulo Amigo do Idoso"},"content":{"rendered":"<p>O Prefeito Jo\u00e3o Fattori recebeu na manh\u00e3 da \u00faltima quinta-feira, dia 31 de janeiro, a visita do Secret\u00e1rio de Estado do Desenvolvimento Social, Rodrigo Garcia, acompanhado do Deputado Estadual Edmir Chedid, do Presidente da C\u00e2mara de Vereadores de Campinas, Campos Filho; do Presidente da C\u00e2mara de Vereadores de Itatiba, Vit\u00f3rio Bando; Secret\u00e1rios municipais e vereadores. O Secret\u00e1rio Garcia veio oficializar pessoalmente a entrada de Itatiba para o Programa S\u00e3o Paulo Amigo do Idoso. \u201cItatiba j\u00e1 conta com diversas a\u00e7\u00f5es previstas no Programa e dever\u00e1 conseguir o Selo Pleno em curto espa\u00e7o de tempo\u201d, comentou o Secret\u00e1rio. Garcia e o Prefeito Fattori assinaram o termo de ades\u00e3o.<\/p>\n<p>Com a ades\u00e3o ao programa, Itatiba ter\u00e1 confirmado seu perfil de Cidade Amiga do Idoso. O programa S\u00e3o Paulo Amigo do Idoso prop\u00f5e o envolvimento de toda a popula\u00e7\u00e3o do Estado, em suas diversas faixas et\u00e1rias e grupos culturais, e une iniciativas de entidades e \u00f3rg\u00e3os p\u00fablicos e privados na cria\u00e7\u00e3o de uma comunidade verdadeiramente amiga do idoso.<\/p>\n<p>Uma comunidade que valoriza e garante os direitos da terceira idade, e que reconhece sua import\u00e2ncia e seu papel na sociedade. \u201cNosso foco sempre foi a fam\u00edlia. E a fam\u00edlia n\u00e3o estaria completa sem a participa\u00e7\u00e3o da terceira idade. Nossos cursos, atividades e aparelhos p\u00fablicos voltados para esse importante grupo mostram que estamos afinados com o mundo. O convite do Secret\u00e1rio muito nos orgulha, mas mais do que isso, representa um grande ganho para nossos idosos\u201d, comentou o Prefeito Jo\u00e3o Fattori.<\/p>\n<p><strong>Popula\u00e7\u00e3o<\/strong><\/p>\n<p>At\u00e9 2050, a popula\u00e7\u00e3o idosa dever\u00e1 representar 22% da popula\u00e7\u00e3o mundial. Deste n\u00famero, mais de 80% viver\u00e1 em pa\u00edses em desenvolvimento. E pela primeira vez na hist\u00f3ria da humanidade, teremos no mundo mais idosos do que crian\u00e7as. As transforma\u00e7\u00f5es no Brasil j\u00e1 est\u00e3o em curso. Em 2010, nosso pa\u00eds j\u00e1 possu\u00eda mais pessoas com mais de 65 anos do que crian\u00e7as com at\u00e9 4 anos de idade. S\u00f3 em S\u00e3o Paulo, a popula\u00e7\u00e3o idosa j\u00e1 representa 11% de todos os habitantes do Estado. Em Itatiba s\u00e3o 7.714 pessoas com mais de 65 anos, o equivalente a 7,5% da popula\u00e7\u00e3o. Os idosos em Itatiba s\u00e3o mais do que o dobro das crian\u00e7as com at\u00e9 4 anos.<\/p>\n<p>Esse novo perfil populacional pede a\u00e7\u00f5es integradas para garantir o envelhecimento ativo do idoso e fortalecer sua import\u00e2ncia na sociedade. Uma situa\u00e7\u00e3o que vem se tornando realidade em Itatiba gra\u00e7as a a\u00e7\u00f5es como a implanta\u00e7\u00e3o de Academias ao Ar Livre, do Clube de Conviv\u00eancia do Idoso, cursos e atividades culturais e de lazer. O cuidado da administra\u00e7\u00e3o Fattori com o idoso vai ao encontro do Programa S\u00e3o Paulo Amigo do Idoso que baseia-se no conceito de \u2018Envelhecimento Ativo\u2019 da Organiza\u00e7\u00e3o Mundial de Sa\u00fade (OMS): independ\u00eancia, participa\u00e7\u00e3o, assist\u00eancia, autorrealiza\u00e7\u00e3o e dignidade.<\/p>\n<p>Promover um envelhecimento ativo significa oferecer \u00e0 popula\u00e7\u00e3o com mais de 60 anos a oportunidade de conviver em sociedade, o direito de demonstrar suas opini\u00f5es, tomar decis\u00f5es pol\u00edticas, circular pela cidade, consumir arte e cultura, se relacionar, e ter sa\u00fade f\u00edsica e mental. Com a ades\u00e3o da cidade os idosos poder\u00e3o ter acesso as a\u00e7\u00f5es e projetos do Estado, como a constru\u00e7\u00e3o de Centros Dia do Idoso e Centros de Conviv\u00eancia do Idoso, Universidade Aberta \u00e0 Terceira Idade, Inclus\u00e3o Digital, Centros de Refer\u00eancia do Idoso, Programa Melhor Viagem SP e outros.<\/p>\n<p><strong>Selo<\/strong><\/p>\n<p>Para envolver os diversos setores da sociedade, o Programa criou o Selo Amigo do Idoso, uma certifica\u00e7\u00e3o que ser\u00e1 oferecida a munic\u00edpios, \u00f3rg\u00e3os estaduais da Administra\u00e7\u00e3o Direta e Indireta, e entidades p\u00fablicas e da sociedade civil que desenvolvam a\u00e7\u00f5es dentro dos quatro pilares do envelhecimento ativo. No \u00e2mbito estadual, a iniciativa tamb\u00e9m contar\u00e1 com a uni\u00e3o dos esfor\u00e7os de diversas Secretarias e \u00d3rg\u00e3os Estatais, formando a Comiss\u00e3o Intersecretarial do Programa. Juntamente com o Conselho Estadual do Idoso, essa comiss\u00e3o potencializar\u00e1 as a\u00e7\u00f5es j\u00e1 em curso, implementar\u00e1 novas a\u00e7\u00f5es, acompanhar\u00e1 seus resultados e certificar\u00e1 institui\u00e7\u00f5es com o Selo Amigo do Idoso.<\/p>\n<p><strong>Creche Escola na Cidade de Itatiba<br \/>\n<\/strong><\/p>\n<p>O Prefeito Jo\u00e3o Fattori aproveitou a ocasi\u00e3o para entregar em m\u00e3os ao Secret\u00e1rio um pedido para a inclus\u00e3o de Itatiba no Programa Creche Escola, uma parceria entre as secretarias de Estado da Educa\u00e7\u00e3o e de Desenvolvimento Social. O Secret\u00e1rio Garcia afirmou que Itatiba receber\u00e1 uma unidade do programa. \u201cO tr\u00e2mite leva de tr\u00eas a quatro meses. Ap\u00f3s esse per\u00edodo assinamos o conv\u00eanio e a cidade j\u00e1 pode abrir a licita\u00e7\u00e3o para a constru\u00e7\u00e3o\u201d, garantiu Garcia.<\/p>\n<p>A Prefeitura de Itatiba disponibilizar\u00e1 um terreno de 2 mil m\u00b2 e o Estado a verba para a constru\u00e7\u00e3o e equipagem da unidade. O programa prop\u00f5e tr\u00eas modelos de creche, objetivando minimizar os custos de constru\u00e7\u00e3o e manuten\u00e7\u00e3o do pr\u00e9dio. S\u00e3o edif\u00edcios t\u00e9rreos, com todos os ambientes necess\u00e1rios ao atendimento das crian\u00e7as, como sala de atividades, ber\u00e7\u00e1rio, frald\u00e1rio, lact\u00e1rio, cozinha, refeit\u00f3rio e lavanderia, dentre outros. O projeto prev\u00ea tamb\u00e9m uma sala de uso m\u00faltiplo, equipada com computadores para iniciar as crian\u00e7as na linguagem digital. Os edif\u00edcios atendem aos padr\u00f5es de acessibilidade previstos na legisla\u00e7\u00e3o, bem como \u00e0s exig\u00eancias de sustentabilidade.<\/p>\n<p>Os projetos adotam aquecimento solar e especifica\u00e7\u00f5es para redu\u00e7\u00e3o do consumo de \u00e1gua e energia. A capacidade de atendimento varia de 70 a 150 crian\u00e7as, de acordo com a faixa et\u00e1ria.<\/p>\n<p><em>Fonte: Portal Novidade<\/em><\/p>\n","protected":false},"excerpt":{"rendered":"<p>O Prefeito Jo\u00e3o Fattori recebeu na manh\u00e3 da \u00faltima quinta-feira, dia 31 de janeiro, a visita do Secret\u00e1rio de Estado do Desenvolvimento Social, Rodrigo Garcia, acompanhado do Deputado Estadual Edmir Chedid, do Presidente da C\u00e2mara de Vereadores de Campinas, Campos Filho; do Presidente da C\u00e2mara de Vereadores de Itatiba, Vit\u00f3rio Bando; Secret\u00e1rios municipais e vereadores. [&hellip;]<\/p>\n","protected":false},"author":1,"featured_media":0,"comment_status":"open","ping_status":"open","sticky":false,"template":"","format":"standard","meta":{"footnotes":""},"categories":[6],"tags":[],"class_list":["post-473","post","type-post","status-publish","format-standard","hentry","category-noticias"],"_links":{"self":[{"href":"https:\/\/www.encontraitatiba.com.br\/noticias\/wp-json\/wp\/v2\/posts\/473","targetHints":{"allow":["GET"]}}],"collection":[{"href":"https:\/\/www.encontraitatiba.com.br\/noticias\/wp-json\/wp\/v2\/posts"}],"about":[{"href":"https:\/\/www.encontraitatiba.com.br\/noticias\/wp-json\/wp\/v2\/types\/post"}],"author":[{"embeddable":true,"href":"https:\/\/www.encontraitatiba.com.br\/noticias\/wp-json\/wp\/v2\/users\/1"}],"replies":[{"embeddable":true,"href":"https:\/\/www.encontraitatiba.com.br\/noticias\/wp-json\/wp\/v2\/comments?post=473"}],"version-history":[{"count":5,"href":"https:\/\/www.encontraitatiba.com.br\/noticias\/wp-json\/wp\/v2\/posts\/473\/revisions"}],"predecessor-version":[{"id":994,"href":"https:\/\/www.encontraitatiba.com.br\/noticias\/wp-json\/wp\/v2\/posts\/473\/revisions\/994"}],"wp:attachment":[{"href":"https:\/\/www.encontraitatiba.com.br\/noticias\/wp-json\/wp\/v2\/media?parent=473"}],"wp:term":[{"taxonomy":"category","embeddable":true,"href":"https:\/\/www.encontraitatiba.com.br\/noticias\/wp-json\/wp\/v2\/categories?post=473"},{"taxonomy":"post_tag","embeddable":true,"href":"https:\/\/www.encontraitatiba.com.br\/noticias\/wp-json\/wp\/v2\/tags?post=473"}],"curies":[{"name":"wp","href":"https:\/\/api.w.org\/{rel}","templated":true}]}}