{"id":484,"date":"2013-02-19T11:39:37","date_gmt":"2013-02-19T13:39:37","guid":{"rendered":"http:\/\/www.encontraitatiba.com.br\/noticias\/?p=484"},"modified":"2013-08-14T13:47:43","modified_gmt":"2013-08-14T15:47:43","slug":"escolas-municipais-de-itatiba-recebem-o-retorno-de-148-mil-alunos","status":"publish","type":"post","link":"https:\/\/www.encontraitatiba.com.br\/noticias\/escolas-municipais-de-itatiba-recebem-o-retorno-de-148-mil-alunos\/","title":{"rendered":"Escolas municipais de Itatiba recebem o retorno de 14,8 mil alunos"},"content":{"rendered":"<p>As escolas da cidade de Itatiba voltaram \u00e0s aulas na \u00faltima quinta-feira, dia 14 de fevereiro. Retornaram das f\u00e9rias, que come\u00e7aram em 19 de dezembro, cerca de 14,8 mil alunos, sendo 11.750 das Emebs (Ensino Fundamental de 1\u00ba a 9\u00ba ano), 450 da EJA (Educa\u00e7\u00e3o de Jovens e Adultos) e 2.612 das Emeis e Projeto Conviv\u00eancia (Ensino Infantil de 4 a 5 anos). Os cerca de 1,5 mil alunos de Creche retornaram no \u00faltimo dia 29 de janeiro. &#8220;Desejo a toda comunidade escolar um \u00f3timo retorno, com entusiasmo e dedica\u00e7\u00e3o&#8221;, afirmou o Prefeito Jo\u00e3o Fattori.<\/p>\n<p>Al\u00e9m dos estudantes, tamb\u00e9m entraram em f\u00e9rias escolares os professores. Por\u00e9m, os profissionais retornaram \u00e0s atividades no \u00faltimo dia 7 de fevereiro, ou seja, antes dos alunos, para promover as reuni\u00f5es de planejamento e prepara\u00e7\u00e3o da volta \u00e0s aulas. As secretarias das escolas permaneceram funcionando normalmente durante as todo o per\u00edodo. Ao todo s\u00e3o mais de 860 professores na rede municipal que iniciaram as aulas neste ano, sendo 225 deles recentemente contratados temporariamente pela primeira atribui\u00e7\u00e3o de aula, ocorrida no \u00faltimo dia 6 de fevereiro.<\/p>\n<p><strong>Pr\u00f3ximas atribui\u00e7\u00f5es<\/strong><\/p>\n<p>Os professores que realizaram o processo seletivo em dezembro de 2012, ainda n\u00e3o contratados, ter\u00e3o oportunidades durante todo o ano letivo para ingressarem na rede p\u00fablica de ensino por meio das atribui\u00e7\u00f5es que ocorrem todas as segundas-feiras. A data da pr\u00f3xima atribui\u00e7\u00e3o de aulas\/classes ser\u00e1 divulgada na Imprensa Oficial e no site da <a title=\"Prefeitura de Itatiba\" href=\"http:\/\/www.encontraitatiba.com.br\/itatiba\/prefeitura-de-itatiba.shtml\" target=\"_blank\">Prefeitura de Itatiba<\/a> (itatiba.sp.gov.br), nos links Secretarias-Educa\u00e7\u00e3o-Atribui\u00e7\u00e3o. A divulga\u00e7\u00e3o sempre ocorrer\u00e1 nas sextas-feiras que antecederem as segundas-feiras de atribui\u00e7\u00e3o.<\/p>\n<p><em>Fonte: Portal Novidade<\/em><\/p>\n","protected":false},"excerpt":{"rendered":"<p>As escolas da cidade de Itatiba voltaram \u00e0s aulas na \u00faltima quinta-feira, dia 14 de fevereiro. Retornaram das f\u00e9rias, que come\u00e7aram em 19 de dezembro, cerca de 14,8 mil alunos, sendo 11.750 das Emebs (Ensino Fundamental de 1\u00ba a 9\u00ba ano), 450 da EJA (Educa\u00e7\u00e3o de Jovens e Adultos) e 2.612 das Emeis e Projeto [&hellip;]<\/p>\n","protected":false},"author":1,"featured_media":0,"comment_status":"open","ping_status":"open","sticky":false,"template":"","format":"standard","meta":{"footnotes":""},"categories":[6],"tags":[],"class_list":["post-484","post","type-post","status-publish","format-standard","hentry","category-noticias"],"_links":{"self":[{"href":"https:\/\/www.encontraitatiba.com.br\/noticias\/wp-json\/wp\/v2\/posts\/484","targetHints":{"allow":["GET"]}}],"collection":[{"href":"https:\/\/www.encontraitatiba.com.br\/noticias\/wp-json\/wp\/v2\/posts"}],"about":[{"href":"https:\/\/www.encontraitatiba.com.br\/noticias\/wp-json\/wp\/v2\/types\/post"}],"author":[{"embeddable":true,"href":"https:\/\/www.encontraitatiba.com.br\/noticias\/wp-json\/wp\/v2\/users\/1"}],"replies":[{"embeddable":true,"href":"https:\/\/www.encontraitatiba.com.br\/noticias\/wp-json\/wp\/v2\/comments?post=484"}],"version-history":[{"count":2,"href":"https:\/\/www.encontraitatiba.com.br\/noticias\/wp-json\/wp\/v2\/posts\/484\/revisions"}],"predecessor-version":[{"id":733,"href":"https:\/\/www.encontraitatiba.com.br\/noticias\/wp-json\/wp\/v2\/posts\/484\/revisions\/733"}],"wp:attachment":[{"href":"https:\/\/www.encontraitatiba.com.br\/noticias\/wp-json\/wp\/v2\/media?parent=484"}],"wp:term":[{"taxonomy":"category","embeddable":true,"href":"https:\/\/www.encontraitatiba.com.br\/noticias\/wp-json\/wp\/v2\/categories?post=484"},{"taxonomy":"post_tag","embeddable":true,"href":"https:\/\/www.encontraitatiba.com.br\/noticias\/wp-json\/wp\/v2\/tags?post=484"}],"curies":[{"name":"wp","href":"https:\/\/api.w.org\/{rel}","templated":true}]}}