{"id":488,"date":"2013-02-19T11:42:46","date_gmt":"2013-02-19T13:42:46","guid":{"rendered":"http:\/\/www.encontraitatiba.com.br\/noticias\/?p=488"},"modified":"2013-08-14T13:47:49","modified_gmt":"2013-08-14T15:47:49","slug":"novo-secretario-de-governo-e-anunciado-em-itatiba","status":"publish","type":"post","link":"https:\/\/www.encontraitatiba.com.br\/noticias\/novo-secretario-de-governo-e-anunciado-em-itatiba\/","title":{"rendered":"Novo Secret\u00e1rio de Governo \u00e9 anunciado em Itatiba"},"content":{"rendered":"<p>Na tarde da \u00faltima sexta, dia 15, o Prefeito anunciou o novo Secret\u00e1rio de Governo: Jefferson Cirne da Costa. A nomea\u00e7\u00e3o do novo Secret\u00e1rio foi publicada na Imprensa Oficial do \u00faltimo s\u00e1bado, dia 16.<\/p>\n<p>Nascido em Minas Gerais, Jefferson \u00e9 bacharel em Ci\u00eancias Cont\u00e1beis. Funcion\u00e1rio de carreira da Prefeitura de Itatiba desde 2007, o novo Secret\u00e1rio atuou como contador na Secretaria de Finan\u00e7as. Em 2011, foi nomeado Diretor do Departamento de Finan\u00e7as. Participou ativamente na implanta\u00e7\u00e3o de diversos servi\u00e7os que agilizaram o atendimento \u00e0 popula\u00e7\u00e3o, como a Nota Fiscal Eletr\u00f4nica, o Sistema de Custos e a utiliza\u00e7\u00e3o das Normas Internacionais de Contabilidade P\u00fablica.<\/p>\n<p>J\u00e1 nesta sexta-feira, o Secret\u00e1rio se reuniu com diretores, chefes e funcion\u00e1rios da Secretaria de Governo para estreitar os la\u00e7os e se aprofundar dos assuntos ligados \u00e0 pasta. &#8220;Foi uma surpresa, mas aceitei o desafio. Minha miss\u00e3o pode ser resumida em duas palavras: modernizar e profissionalizar&#8221;, disse Jefferson, o novo Secret\u00e1rio de Governo.<\/p>\n<p><strong>Obras e Servi\u00e7os na cidade de Itatiba<\/strong><br \/>\nOutra medida administrativa informada pela Prefeito nesta sexta-feira foi a sa\u00edda do Secret\u00e1rio de Obras e Servi\u00e7os P\u00fablicos, Eng\u00ba Otto Junqueira Cintra de Jesus. O novo nome para a Pasta ainda n\u00e3o foi anunciado.<\/p>\n<p><em>Fonte: Prefeitura Itatiba<\/em><\/p>\n","protected":false},"excerpt":{"rendered":"<p>Na tarde da \u00faltima sexta, dia 15, o Prefeito anunciou o novo Secret\u00e1rio de Governo: Jefferson Cirne da Costa. A nomea\u00e7\u00e3o do novo Secret\u00e1rio foi publicada na Imprensa Oficial do \u00faltimo s\u00e1bado, dia 16. Nascido em Minas Gerais, Jefferson \u00e9 bacharel em Ci\u00eancias Cont\u00e1beis. Funcion\u00e1rio de carreira da Prefeitura de Itatiba desde 2007, o novo [&hellip;]<\/p>\n","protected":false},"author":1,"featured_media":0,"comment_status":"open","ping_status":"open","sticky":false,"template":"","format":"standard","meta":{"footnotes":""},"categories":[6],"tags":[],"class_list":["post-488","post","type-post","status-publish","format-standard","hentry","category-noticias"],"_links":{"self":[{"href":"https:\/\/www.encontraitatiba.com.br\/noticias\/wp-json\/wp\/v2\/posts\/488","targetHints":{"allow":["GET"]}}],"collection":[{"href":"https:\/\/www.encontraitatiba.com.br\/noticias\/wp-json\/wp\/v2\/posts"}],"about":[{"href":"https:\/\/www.encontraitatiba.com.br\/noticias\/wp-json\/wp\/v2\/types\/post"}],"author":[{"embeddable":true,"href":"https:\/\/www.encontraitatiba.com.br\/noticias\/wp-json\/wp\/v2\/users\/1"}],"replies":[{"embeddable":true,"href":"https:\/\/www.encontraitatiba.com.br\/noticias\/wp-json\/wp\/v2\/comments?post=488"}],"version-history":[{"count":2,"href":"https:\/\/www.encontraitatiba.com.br\/noticias\/wp-json\/wp\/v2\/posts\/488\/revisions"}],"predecessor-version":[{"id":996,"href":"https:\/\/www.encontraitatiba.com.br\/noticias\/wp-json\/wp\/v2\/posts\/488\/revisions\/996"}],"wp:attachment":[{"href":"https:\/\/www.encontraitatiba.com.br\/noticias\/wp-json\/wp\/v2\/media?parent=488"}],"wp:term":[{"taxonomy":"category","embeddable":true,"href":"https:\/\/www.encontraitatiba.com.br\/noticias\/wp-json\/wp\/v2\/categories?post=488"},{"taxonomy":"post_tag","embeddable":true,"href":"https:\/\/www.encontraitatiba.com.br\/noticias\/wp-json\/wp\/v2\/tags?post=488"}],"curies":[{"name":"wp","href":"https:\/\/api.w.org\/{rel}","templated":true}]}}