{"id":491,"date":"2013-02-25T11:19:03","date_gmt":"2013-02-25T13:19:03","guid":{"rendered":"http:\/\/www.encontraitatiba.com.br\/noticias\/?p=491"},"modified":"2013-08-14T13:47:45","modified_gmt":"2013-08-14T15:47:45","slug":"conservatorio-de-itatiba-tem-vagas-abertas-para-aulas-de-violino","status":"publish","type":"post","link":"https:\/\/www.encontraitatiba.com.br\/noticias\/conservatorio-de-itatiba-tem-vagas-abertas-para-aulas-de-violino\/","title":{"rendered":"Conservat\u00f3rio de Itatiba tem vagas abertas para aulas de violino"},"content":{"rendered":"<div id=\"materia-letra\">\n<div>\n<div>\n<p>O Conservat\u00f3rio de Itatiba ainda tem vagas abertas para aulas de violino. As inscri\u00e7\u00f5es devem ser feitas no pr\u00f3prio Conservat\u00f3rio, que fica na rua Rafael \u00d3rdine, 120, Jardim Tereza (pr\u00f3ximo ao Departamento de Bombeiros), de segunda \u00e0 sexta-feira, das 8h \u00e0s 18h.<\/p>\n<p>Crian\u00e7as com idade de 6 a 12 anos interessadas em participar da oficina ainda podem se inscrever nas turmas de segunda-feira, que ser\u00e3o realizadas em dois hor\u00e1rios: das 13h30 \u00e0s 15h30 ou das 15h30 \u00e0s 17h30. O curso de violino \u00e9 coordenado pela professora Giovanna Puccinelli Rela. A <a title=\"Prefeitura de Itatiba\" href=\"http:\/\/www.encontraitatiba.com.br\/itatiba\/prefeitura-de-itatiba.shtml\" target=\"_blank\">prefeitura de Itatiba<\/a> emprestar\u00e1 o violino para estudo aos inscritos.<\/p>\n<p>As inscri\u00e7\u00f5es para os cursos na cidade de Itatiba ser\u00e3o encerradas assim que as vagas estiverem preenchidas. Mais informa\u00e7\u00f5es pelo telefone (11) 4487-7747. As aulas ter\u00e3o in\u00edcio no dia 4 de mar\u00e7o.<\/p>\n<p><em>Fonte: G1<\/em><\/p>\n<\/div>\n<\/div>\n<\/div>\n","protected":false},"excerpt":{"rendered":"<p>O Conservat\u00f3rio de Itatiba ainda tem vagas abertas para aulas de violino. As inscri\u00e7\u00f5es devem ser feitas no pr\u00f3prio Conservat\u00f3rio, que fica na rua Rafael \u00d3rdine, 120, Jardim Tereza (pr\u00f3ximo ao Departamento de Bombeiros), de segunda \u00e0 sexta-feira, das 8h \u00e0s 18h. Crian\u00e7as com idade de 6 a 12 anos interessadas em participar da oficina [&hellip;]<\/p>\n","protected":false},"author":1,"featured_media":0,"comment_status":"open","ping_status":"open","sticky":false,"template":"","format":"standard","meta":{"footnotes":""},"categories":[6],"tags":[],"class_list":["post-491","post","type-post","status-publish","format-standard","hentry","category-noticias"],"_links":{"self":[{"href":"https:\/\/www.encontraitatiba.com.br\/noticias\/wp-json\/wp\/v2\/posts\/491","targetHints":{"allow":["GET"]}}],"collection":[{"href":"https:\/\/www.encontraitatiba.com.br\/noticias\/wp-json\/wp\/v2\/posts"}],"about":[{"href":"https:\/\/www.encontraitatiba.com.br\/noticias\/wp-json\/wp\/v2\/types\/post"}],"author":[{"embeddable":true,"href":"https:\/\/www.encontraitatiba.com.br\/noticias\/wp-json\/wp\/v2\/users\/1"}],"replies":[{"embeddable":true,"href":"https:\/\/www.encontraitatiba.com.br\/noticias\/wp-json\/wp\/v2\/comments?post=491"}],"version-history":[{"count":2,"href":"https:\/\/www.encontraitatiba.com.br\/noticias\/wp-json\/wp\/v2\/posts\/491\/revisions"}],"predecessor-version":[{"id":829,"href":"https:\/\/www.encontraitatiba.com.br\/noticias\/wp-json\/wp\/v2\/posts\/491\/revisions\/829"}],"wp:attachment":[{"href":"https:\/\/www.encontraitatiba.com.br\/noticias\/wp-json\/wp\/v2\/media?parent=491"}],"wp:term":[{"taxonomy":"category","embeddable":true,"href":"https:\/\/www.encontraitatiba.com.br\/noticias\/wp-json\/wp\/v2\/categories?post=491"},{"taxonomy":"post_tag","embeddable":true,"href":"https:\/\/www.encontraitatiba.com.br\/noticias\/wp-json\/wp\/v2\/tags?post=491"}],"curies":[{"name":"wp","href":"https:\/\/api.w.org\/{rel}","templated":true}]}}