{"id":496,"date":"2013-03-06T16:01:22","date_gmt":"2013-03-06T18:01:22","guid":{"rendered":"http:\/\/www.encontraitatiba.com.br\/noticias\/?p=496"},"modified":"2013-08-14T13:47:49","modified_gmt":"2013-08-14T15:47:49","slug":"safra-do-caqui-anima-produtores-de-itatiba","status":"publish","type":"post","link":"https:\/\/www.encontraitatiba.com.br\/noticias\/safra-do-caqui-anima-produtores-de-itatiba\/","title":{"rendered":"Safra do caqui anima produtores de Itatiba"},"content":{"rendered":"<p>A variedade rama forte \u00e9 uma das mais r\u00fasticas de caqui e tamb\u00e9m uma das mais apreciadas pelo consumidor. Ela ocupa\u00a0 seis hectares no s\u00edtio de Valdir Montico, em Itatiba, que tem ao todo mais de duas mil \u00e1rvores.<\/p>\n<p>A produtividade no s\u00edtio \u00e9 uma das maiores do munic\u00edpio. O pomar \u00e9 bem cuidado e uma \u00fanica \u00e1rvore chega a produzir 100 quilos em m\u00e9dia at\u00e9 o fim da safra. Valdir conta que a colheita precisa ser feita a cada 15 dias. \u201cA fruta n\u00e3o pode ser colhida nem muito madura, nem verde, tem que estar alaranjada\u201d, diz.<\/p>\n<p>A colheita vai at\u00e9 o final de maio e a previs\u00e3o \u00e9 de uma safra de 150 toneladas.<\/p>\n<p>S\u00f3 em Itatiba h\u00e1 72 produtores de caqui. Juntos, nesta safra, eles devem colher 10 mil toneladas. No ano passado, muitas planta\u00e7\u00f5es foram atingidas por granizo e a produ\u00e7\u00e3o caiu 40%.<\/p>\n<p>A fam\u00edlia de C\u00e9sar Pretti tem 2500 caquizeiros. Em 2012, ele perdeu 80% das frutas, mas a atual safra est\u00e1 sendo diferente.<\/p>\n<p>C\u00e9sar vem colhendo 300 caixas de seis quilos por dia. No pico da safra, no m\u00eas que vem, ser\u00e3o 800. O servi\u00e7o na cidade de Itatiba come\u00e7a de madrugada e vai at\u00e9 o in\u00edcio da noite.<\/p>\n<p>J\u00e1 na cidade de Jundia\u00ed, a expectativa \u00e9 colher 3600 toneladas, 30% a mais que no ano passado.<\/p>\n<p>O agricultor Ariovaldo Tomazetto fala sobre as condi\u00e7\u00f5es da fruta e o mercado.<\/p>\n<p><em>Fonte: G1<\/em><\/p>\n","protected":false},"excerpt":{"rendered":"<p>A variedade rama forte \u00e9 uma das mais r\u00fasticas de caqui e tamb\u00e9m uma das mais apreciadas pelo consumidor. Ela ocupa\u00a0 seis hectares no s\u00edtio de Valdir Montico, em Itatiba, que tem ao todo mais de duas mil \u00e1rvores. A produtividade no s\u00edtio \u00e9 uma das maiores do munic\u00edpio. O pomar \u00e9 bem cuidado e [&hellip;]<\/p>\n","protected":false},"author":1,"featured_media":0,"comment_status":"open","ping_status":"open","sticky":false,"template":"","format":"standard","meta":{"footnotes":""},"categories":[6],"tags":[],"class_list":["post-496","post","type-post","status-publish","format-standard","hentry","category-noticias"],"_links":{"self":[{"href":"https:\/\/www.encontraitatiba.com.br\/noticias\/wp-json\/wp\/v2\/posts\/496","targetHints":{"allow":["GET"]}}],"collection":[{"href":"https:\/\/www.encontraitatiba.com.br\/noticias\/wp-json\/wp\/v2\/posts"}],"about":[{"href":"https:\/\/www.encontraitatiba.com.br\/noticias\/wp-json\/wp\/v2\/types\/post"}],"author":[{"embeddable":true,"href":"https:\/\/www.encontraitatiba.com.br\/noticias\/wp-json\/wp\/v2\/users\/1"}],"replies":[{"embeddable":true,"href":"https:\/\/www.encontraitatiba.com.br\/noticias\/wp-json\/wp\/v2\/comments?post=496"}],"version-history":[{"count":4,"href":"https:\/\/www.encontraitatiba.com.br\/noticias\/wp-json\/wp\/v2\/posts\/496\/revisions"}],"predecessor-version":[{"id":1010,"href":"https:\/\/www.encontraitatiba.com.br\/noticias\/wp-json\/wp\/v2\/posts\/496\/revisions\/1010"}],"wp:attachment":[{"href":"https:\/\/www.encontraitatiba.com.br\/noticias\/wp-json\/wp\/v2\/media?parent=496"}],"wp:term":[{"taxonomy":"category","embeddable":true,"href":"https:\/\/www.encontraitatiba.com.br\/noticias\/wp-json\/wp\/v2\/categories?post=496"},{"taxonomy":"post_tag","embeddable":true,"href":"https:\/\/www.encontraitatiba.com.br\/noticias\/wp-json\/wp\/v2\/tags?post=496"}],"curies":[{"name":"wp","href":"https:\/\/api.w.org\/{rel}","templated":true}]}}