{"id":558,"date":"2013-05-06T13:08:46","date_gmt":"2013-05-06T15:08:46","guid":{"rendered":"http:\/\/www.encontraitatiba.com.br\/noticias\/?p=558"},"modified":"2013-08-14T13:47:44","modified_gmt":"2013-08-14T15:47:44","slug":"bazar-em-itatiba-sera-aberto-na-proxima-quarta-dia-8","status":"publish","type":"post","link":"https:\/\/www.encontraitatiba.com.br\/noticias\/bazar-em-itatiba-sera-aberto-na-proxima-quarta-dia-8\/","title":{"rendered":"Bazar em Itatiba ser\u00e1 aberto na pr\u00f3xima quarta, dia 8"},"content":{"rendered":"<p>Continua na cidade a arrecada\u00e7\u00e3o da Campanha do Agasalho 2013 do Fundo Social de Solidariedade. Paralelamente a arrecada\u00e7\u00e3o, volunt\u00e1rios do FSS j\u00e1 come\u00e7aram a recolher as pe\u00e7as doadas pela popula\u00e7\u00e3o e trabalhar na triagem das mesmas, pois na pr\u00f3xima quarta-feira, dia 8 de maio, \u00e0s 10h, ser\u00e1 aberto o Bazar Solid\u00e1rio, onde, primeiramente, ser\u00e3o atendidas as fam\u00edlias cadastradas nos programas assistenciais da <a title=\"Prefeitura de Itatiba\" href=\"http:\/\/www.encontraitatiba.com.br\/itatiba\/prefeitura-de-itatiba.shtml\" target=\"_blank\">Prefeitura de Itatiba<\/a>.<\/p>\n<p>Essas fam\u00edlias poder\u00e3o escolher suas pe\u00e7as e, assim como nas \u00faltimas edi\u00e7\u00f5es da Campanha, troc\u00e1-las por materiais recicl\u00e1veis (latinhas de alum\u00ednio e garrafas pet). Cada 20 latinhas ou garrafas valem cinco quilos de roupas. Os recicl\u00e1veis ser\u00e3o destinados \u00e0 Cooperativa dos Catadores e Triadores de Materiais Recicl\u00e1veis de Itatiba (Cooperativa Reviver), que realizam o reaproveitamento de materiais, gerando renda para seu sustento e de seus familiares e colaborando para a preserva\u00e7\u00e3o do meio ambiente.<\/p>\n<p>A partir do pr\u00f3ximo dia 13 de maio, o Bazar ser\u00e1 aberto para o p\u00fablico em geral, obedecendo ao mesmo sistema de troca das pe\u00e7as por recicl\u00e1veis.<\/p>\n<p>&#8220;Vincular a Campanha do Agasalho a preserva\u00e7\u00e3o do meio ambiente foi uma formula de sucesso nas edi\u00e7\u00f5es anteriores, por isso resolvemos mant\u00ea-la. Com isso, conseguimos ajudar as fam\u00edlias que precisam, incentiv\u00e1-las a separar o lixo recicl\u00e1vel e tamb\u00e9m colaboramos com a Cooperativa Reviver. A nossa Campanha do Agasalho \u00e9 abrangente e se levarmos em conta a quantidade de volunt\u00e1rios envolvidos em todo processo, \u00e9 feita por dezenas de m\u00e3os. Com isso, destacamos o verdadeiro sentido da solidariedade&#8221;, disse a Primeira-dama e Presidente do FSS, Prof\u00aa. C\u00e1ssia Helena Benaglia Fattori.<\/p>\n<p>O evento na cidade de Itatiba est\u00e1 sendo montado com o apoio de volunt\u00e1rios do FSS em pr\u00e9dio cedido pela fam\u00edlia Carbonari, localizado na Avenida Marechal Castelo Branco, 480 (em frente \u00e0 Secretaria de A\u00e7\u00e3o Social, Trabalho e Renda), e funcionar\u00e1 de segunda \u00e0 sexta-feira, das 8h30 \u00e0s 16h30.<\/p>\n<p><em>Fonte: Prefeitura Itatiba<\/em><\/p>\n","protected":false},"excerpt":{"rendered":"<p>Continua na cidade a arrecada\u00e7\u00e3o da Campanha do Agasalho 2013 do Fundo Social de Solidariedade. Paralelamente a arrecada\u00e7\u00e3o, volunt\u00e1rios do FSS j\u00e1 come\u00e7aram a recolher as pe\u00e7as doadas pela popula\u00e7\u00e3o e trabalhar na triagem das mesmas, pois na pr\u00f3xima quarta-feira, dia 8 de maio, \u00e0s 10h, ser\u00e1 aberto o Bazar Solid\u00e1rio, onde, primeiramente, ser\u00e3o atendidas [&hellip;]<\/p>\n","protected":false},"author":1,"featured_media":0,"comment_status":"open","ping_status":"open","sticky":false,"template":"","format":"standard","meta":{"footnotes":""},"categories":[6],"tags":[],"class_list":["post-558","post","type-post","status-publish","format-standard","hentry","category-noticias"],"_links":{"self":[{"href":"https:\/\/www.encontraitatiba.com.br\/noticias\/wp-json\/wp\/v2\/posts\/558","targetHints":{"allow":["GET"]}}],"collection":[{"href":"https:\/\/www.encontraitatiba.com.br\/noticias\/wp-json\/wp\/v2\/posts"}],"about":[{"href":"https:\/\/www.encontraitatiba.com.br\/noticias\/wp-json\/wp\/v2\/types\/post"}],"author":[{"embeddable":true,"href":"https:\/\/www.encontraitatiba.com.br\/noticias\/wp-json\/wp\/v2\/users\/1"}],"replies":[{"embeddable":true,"href":"https:\/\/www.encontraitatiba.com.br\/noticias\/wp-json\/wp\/v2\/comments?post=558"}],"version-history":[{"count":2,"href":"https:\/\/www.encontraitatiba.com.br\/noticias\/wp-json\/wp\/v2\/posts\/558\/revisions"}],"predecessor-version":[{"id":764,"href":"https:\/\/www.encontraitatiba.com.br\/noticias\/wp-json\/wp\/v2\/posts\/558\/revisions\/764"}],"wp:attachment":[{"href":"https:\/\/www.encontraitatiba.com.br\/noticias\/wp-json\/wp\/v2\/media?parent=558"}],"wp:term":[{"taxonomy":"category","embeddable":true,"href":"https:\/\/www.encontraitatiba.com.br\/noticias\/wp-json\/wp\/v2\/categories?post=558"},{"taxonomy":"post_tag","embeddable":true,"href":"https:\/\/www.encontraitatiba.com.br\/noticias\/wp-json\/wp\/v2\/tags?post=558"}],"curies":[{"name":"wp","href":"https:\/\/api.w.org\/{rel}","templated":true}]}}