{"id":574,"date":"2013-05-17T10:37:52","date_gmt":"2013-05-17T12:37:52","guid":{"rendered":"http:\/\/www.encontraitatiba.com.br\/noticias\/?p=574"},"modified":"2013-08-14T13:47:49","modified_gmt":"2013-08-14T15:47:49","slug":"em-itatiba-populacao-troca-pecas-de-roupas-por-material-reciclavel","status":"publish","type":"post","link":"https:\/\/www.encontraitatiba.com.br\/noticias\/em-itatiba-populacao-troca-pecas-de-roupas-por-material-reciclavel\/","title":{"rendered":"Em Itatiba popula\u00e7\u00e3o troca pe\u00e7as de roupas por material recicl\u00e1vel"},"content":{"rendered":"<p>A Campanha do Agasalho realizada na cidade de Itatiba arrecadou mais de 90 mil pe\u00e7as que come\u00e7aram a ser distribu\u00eddas na \u00faltima segunda-feira (13), durante um Bazar Solid\u00e1rio, promovido pelo Fundo Social de Solidariedade.<\/p>\n<p>Segundo a presidente do fundo, C\u00e1ssia Helena Benaglia Fattori, aproximadamente 1.500 fam\u00edlias cadastradas j\u00e1 foram atendidas, tendo trocado as pe\u00e7as por material recicl\u00e1vel, que \u00e9 destinado \u00e0 Cooperativa de Catadores e Triadores.<\/p>\n<p>Ainda de acordo com a institui\u00e7\u00e3o, para cada 20 latinhas (de metal) ou garrafas (pet) o morador pode escolher at\u00e9 cinco quilos de agasalhos. O material reutiliz\u00e1vel arrecadado, al\u00e9m de ajudar na preserva\u00e7\u00e3o do meio ambiente, gera renda para diversas fam\u00edlias que trabalham na Cooperativa Reviver.<\/p>\n<p>O evento na cidade de Itatiba est\u00e1 na Avenida Marechal Castelo Branco, 480, em frente \u00e0 Secretaria de A\u00e7\u00e3o Social, Trabalho e Renda. O hor\u00e1rio de funcionamento \u00e9 de segunda \u00e0 sexta-feira, das 8h30 \u00e0s 16h30. Outras informa\u00e7\u00f5es: (11) 3183-0743.<\/p>\n<p><em>Fonte: G1<\/em><\/p>\n","protected":false},"excerpt":{"rendered":"<p>A Campanha do Agasalho realizada na cidade de Itatiba arrecadou mais de 90 mil pe\u00e7as que come\u00e7aram a ser distribu\u00eddas na \u00faltima segunda-feira (13), durante um Bazar Solid\u00e1rio, promovido pelo Fundo Social de Solidariedade. Segundo a presidente do fundo, C\u00e1ssia Helena Benaglia Fattori, aproximadamente 1.500 fam\u00edlias cadastradas j\u00e1 foram atendidas, tendo trocado as pe\u00e7as por [&hellip;]<\/p>\n","protected":false},"author":1,"featured_media":0,"comment_status":"open","ping_status":"open","sticky":false,"template":"","format":"standard","meta":{"footnotes":""},"categories":[6],"tags":[],"class_list":["post-574","post","type-post","status-publish","format-standard","hentry","category-noticias"],"_links":{"self":[{"href":"https:\/\/www.encontraitatiba.com.br\/noticias\/wp-json\/wp\/v2\/posts\/574","targetHints":{"allow":["GET"]}}],"collection":[{"href":"https:\/\/www.encontraitatiba.com.br\/noticias\/wp-json\/wp\/v2\/posts"}],"about":[{"href":"https:\/\/www.encontraitatiba.com.br\/noticias\/wp-json\/wp\/v2\/types\/post"}],"author":[{"embeddable":true,"href":"https:\/\/www.encontraitatiba.com.br\/noticias\/wp-json\/wp\/v2\/users\/1"}],"replies":[{"embeddable":true,"href":"https:\/\/www.encontraitatiba.com.br\/noticias\/wp-json\/wp\/v2\/comments?post=574"}],"version-history":[{"count":3,"href":"https:\/\/www.encontraitatiba.com.br\/noticias\/wp-json\/wp\/v2\/posts\/574\/revisions"}],"predecessor-version":[{"id":1025,"href":"https:\/\/www.encontraitatiba.com.br\/noticias\/wp-json\/wp\/v2\/posts\/574\/revisions\/1025"}],"wp:attachment":[{"href":"https:\/\/www.encontraitatiba.com.br\/noticias\/wp-json\/wp\/v2\/media?parent=574"}],"wp:term":[{"taxonomy":"category","embeddable":true,"href":"https:\/\/www.encontraitatiba.com.br\/noticias\/wp-json\/wp\/v2\/categories?post=574"},{"taxonomy":"post_tag","embeddable":true,"href":"https:\/\/www.encontraitatiba.com.br\/noticias\/wp-json\/wp\/v2\/tags?post=574"}],"curies":[{"name":"wp","href":"https:\/\/api.w.org\/{rel}","templated":true}]}}