{"id":601,"date":"2013-06-12T11:26:57","date_gmt":"2013-06-12T13:26:57","guid":{"rendered":"http:\/\/www.encontraitatiba.com.br\/noticias\/?p=601"},"modified":"2013-08-14T13:47:49","modified_gmt":"2013-08-14T15:47:49","slug":"vacinacao-contempla-mais-de-3-mil-criancas-em-itatiba","status":"publish","type":"post","link":"https:\/\/www.encontraitatiba.com.br\/noticias\/vacinacao-contempla-mais-de-3-mil-criancas-em-itatiba\/","title":{"rendered":"Vacina\u00e7\u00e3o contempla mais de 3 mil crian\u00e7as em Itatiba"},"content":{"rendered":"<p>O n\u00famero de imuniza\u00e7\u00f5es equivale \u00e0 50,69% das 6.072 crian\u00e7as com idade de seis meses a menos de cinco anos existentes na cidade. A cobertura vacinal da cidade superou a estadual (44,40%) e a nacional (36,20%).<\/p>\n<p>Neste ano, a Campanha contra a p\u00f3lio vem com novidades. Al\u00e9m da faixa et\u00e1ria, que vai de seis meses a menos de cinco anos, a vacina\u00e7\u00e3o ser\u00e1 realizada em uma \u00fanica dose e \u00e9 obrigat\u00f3ria a apresenta\u00e7\u00e3o da carteirinha de vacina\u00e7\u00e3o da crian\u00e7a. A meta \u00e9 vacinar 95% das crian\u00e7as menores de cinco anos de idade. A vacina contra a poliomielite \u00e9 administrada por via oral.<\/p>\n<p>A vacina\u00e7\u00e3o vai at\u00e9 dia 21 de junho. A <a title=\"Prefeitura de Itatiba\" href=\"http:\/\/www.encontraitatiba.com.br\/itatiba\/prefeitura-de-itatiba.shtml\" target=\"_blank\">Prefeitura de Itatiba<\/a> pede \u00e0s fam\u00edlias que ainda n\u00e3o vacinaram suas crian\u00e7as que verifiquem o local mais pr\u00f3ximo de suas casas e levem seus filhos.<\/p>\n<p><strong>Campanha Nacional de Vacina\u00e7\u00e3o Contra a Paralisia Infantil &#8211; 2013<\/strong><\/p>\n<p>P\u00fablico alvo: crian\u00e7as de seis meses a menos de cinco anos<br \/>\nAt\u00e9 21 de junho<br \/>\nDe segunda a sexta-feira, das 8h \u00e0s 16h<\/p>\n<p><strong>Servi\u00e7o na cidade Itatiba:<\/strong><\/p>\n<p>&#8211; CAC &#8211; Centro de Aten\u00e7\u00e3o a Crian\u00e7a &#8211; Rua Quintino Bocai\u00fava, 404 &#8211; Centro &#8211; Fone 4524-0335.<br \/>\n&#8211; Unidade B\u00e1sica de Sa\u00fade do Bairro Cruzeiro &#8211; Rua Eug\u00eanio Joly, 21 &#8211; Fone 4538-5138.<br \/>\n&#8211; PSF &#8211; Galetto &#8211; Rua Fabio Zuiani, s\/n &#8211; Fone 4487-7294.<br \/>\n&#8211; PSF &#8211; Santa Cruz &#8211; Av. Prudente de Moraes, 745 &#8211; Fone 4524-5133.<br \/>\n&#8211; PSF &#8211; Jardim Harmonia &#8211; Rua Maria Pinto Palma, 15 &#8211; Fone 4534-3372.<br \/>\n&#8211; PSF &#8211; Afonso Zupardo &#8211; Rua Ant\u00f4nio Jo\u00e3o Batista Andreatta, s\/n.\u00ba &#8211; Fone 4524-3217.<br \/>\n&#8211; PSF &#8211; Ceci &#8211; Av. Vicente Catalani, 1555 &#8211; Brotas.<br \/>\n&#8211; PSF &#8211; Nosso Teto &#8211; Rua Cesar Lanfranchi, 33 &#8211; Fone 4524-2244.<br \/>\n&#8211; PSF &#8211; San Francisco &#8211; Av. Antonio Nardi, 206 &#8211; Fone 4524-2361.<br \/>\n&#8211; PSF &#8211; San Francisco II &#8211; Rua Mario Vitielo,180 &#8211; Fone 4524-2145.<br \/>\n&#8211; PSF &#8211; Cecap &#8211; Av. Benedito Godoy de Camargo, 55 &#8211; Fone 4524-2514.<br \/>\n&#8211; PSF &#8211; Porto Seguro &#8211; Rua Miguel Francisco Rossi, 127 &#8211; Fone 4594-1556.<br \/>\n&#8211; PSF &#8211; Ip\u00ea &#8211; Rua Dr. Luiz Juliani Vidal, 10 &#8211; Fone 4538-0556.<br \/>\n&#8211; PSF &#8211; Centen\u00e1rio &#8211; Rua Jo\u00e3o Pelizzer, 160 &#8211; Fone 4538-8679.<br \/>\n&#8211; UBS &#8211; Bairro dos Pires &#8211; Rod. Itatiba-Bragan\u00e7a, anexo com a escola.<br \/>\n&#8211; UBS &#8211; Morro Azul &#8211; Estrada Municipal Antenor Soranz, s\/n &#8211; Fone: 4538-7717<br \/>\n&#8211; UBS &#8211; Tapera Grande &#8211; Rua Diogo Monanhez, s\/n &#8211; Fone: 4524-0934<\/p>\n<p><em>Fonte: Prefeitura Itatiba<\/em><\/p>\n","protected":false},"excerpt":{"rendered":"<p>O n\u00famero de imuniza\u00e7\u00f5es equivale \u00e0 50,69% das 6.072 crian\u00e7as com idade de seis meses a menos de cinco anos existentes na cidade. A cobertura vacinal da cidade superou a estadual (44,40%) e a nacional (36,20%). Neste ano, a Campanha contra a p\u00f3lio vem com novidades. Al\u00e9m da faixa et\u00e1ria, que vai de seis meses [&hellip;]<\/p>\n","protected":false},"author":1,"featured_media":0,"comment_status":"open","ping_status":"open","sticky":false,"template":"","format":"standard","meta":{"footnotes":""},"categories":[6],"tags":[],"class_list":["post-601","post","type-post","status-publish","format-standard","hentry","category-noticias"],"_links":{"self":[{"href":"https:\/\/www.encontraitatiba.com.br\/noticias\/wp-json\/wp\/v2\/posts\/601","targetHints":{"allow":["GET"]}}],"collection":[{"href":"https:\/\/www.encontraitatiba.com.br\/noticias\/wp-json\/wp\/v2\/posts"}],"about":[{"href":"https:\/\/www.encontraitatiba.com.br\/noticias\/wp-json\/wp\/v2\/types\/post"}],"author":[{"embeddable":true,"href":"https:\/\/www.encontraitatiba.com.br\/noticias\/wp-json\/wp\/v2\/users\/1"}],"replies":[{"embeddable":true,"href":"https:\/\/www.encontraitatiba.com.br\/noticias\/wp-json\/wp\/v2\/comments?post=601"}],"version-history":[{"count":2,"href":"https:\/\/www.encontraitatiba.com.br\/noticias\/wp-json\/wp\/v2\/posts\/601\/revisions"}],"predecessor-version":[{"id":1007,"href":"https:\/\/www.encontraitatiba.com.br\/noticias\/wp-json\/wp\/v2\/posts\/601\/revisions\/1007"}],"wp:attachment":[{"href":"https:\/\/www.encontraitatiba.com.br\/noticias\/wp-json\/wp\/v2\/media?parent=601"}],"wp:term":[{"taxonomy":"category","embeddable":true,"href":"https:\/\/www.encontraitatiba.com.br\/noticias\/wp-json\/wp\/v2\/categories?post=601"},{"taxonomy":"post_tag","embeddable":true,"href":"https:\/\/www.encontraitatiba.com.br\/noticias\/wp-json\/wp\/v2\/tags?post=601"}],"curies":[{"name":"wp","href":"https:\/\/api.w.org\/{rel}","templated":true}]}}