{"id":65,"date":"2012-01-04T12:32:56","date_gmt":"2012-01-04T14:32:56","guid":{"rendered":"http:\/\/www.encontraitatiba.com.br\/noticias\/?p=65"},"modified":"2013-08-14T13:47:43","modified_gmt":"2013-08-14T15:47:43","slug":"ferias-no-parque-de-itatiba-comecam-a-partir-do-dia-7-de-janeiro-%e2%80%8e","status":"publish","type":"post","link":"https:\/\/www.encontraitatiba.com.br\/noticias\/ferias-no-parque-de-itatiba-comecam-a-partir-do-dia-7-de-janeiro-%e2%80%8e\/","title":{"rendered":"F\u00e9rias no Parque de Itatiba come\u00e7am a partir do dia 7 de janeiro \u200e"},"content":{"rendered":"<p>No pr\u00f3ximo s\u00e1bado, dia 7 de janeiro, tem in\u00edcio o \u2018F\u00e9rias no Parque\u2019, realizado pela Prefeitura da cidade de Itatiba no Parque Luis Latorre. O evento \u00e9 o espa\u00e7o que as fam\u00edlias de Itatiba, e at\u00e9 de outras cidades, escolheram para aproveitar o per\u00edodo do recesso escolar. De 7 a 29 de janeiro o Parque Luis Latorre contar\u00e1 com brinquedos infl\u00e1veis variados e monitores.<\/p>\n<p>Nem todas as fam\u00edlias t\u00eam condi\u00e7\u00f5es de viajar durante as f\u00e9rias, mas todas gostam de aproveitar este tempo juntas. \u201cA fam\u00edlia tem sido o foco desta Administra\u00e7\u00e3o desde o come\u00e7o e o \u2018F\u00e9rias no Parque\u2019 \u00e9 um evento para a fam\u00edlia, um momento de alegria e integra\u00e7\u00e3o\u201d, disse o Secret\u00e1rio de Cultura, Esportes e Turismo, Luis Soares de Camargo.<\/p>\n<p>Nesta edi\u00e7\u00e3o do \u2018F\u00e9rias no Parque\u2019 a Biblioteca Municipal estar\u00e1 presente com uma programa\u00e7\u00e3o especial. Intitulado \u2018Biblioteca no Parque I\u2019, o evento acontecer\u00e1 nos dias 21 e 22 de janeiro, s\u00e1bado e domingo. Uma tenda especial ir\u00e1 abrigar uma roda de leitura animada, chamada \u2018As Mil e Uma Noites\u2019. O evento que une conhecimento, divers\u00e3o e interatividade espera as crian\u00e7as e adolescentes a partir das 14h, em uma atividade que segue at\u00e9 o final da tarde, \u00e0s 18h, nos dois dias do final de semana.<\/p>\n<p>Evento<br \/>\nO \u2018F\u00e9rias no Parque\u2019 \u00e9 realizado pela Prefeitura de Itatiba e tem como objetivo oferecer op\u00e7\u00f5es de lazer gratuitas no Parque Luis Latorre para toda a fam\u00edlia durante as f\u00e9rias escolares. \u201c\u00c9 um espa\u00e7o para a fam\u00edlia, principalmente aquelas que n\u00e3o tem condi\u00e7\u00f5es de viajar. Trata-se de um investimento na qualidade de vida do cidad\u00e3o itatibense\u201d, lembra o Prefeito Fattori. Todas as atividades ser\u00e3o acompanhadas por monitores, por\u00e9m crian\u00e7as de 2 a 9 anos devem estar acompanhadas pelos pais. Na edi\u00e7\u00e3o anterior, em julho de 2011, mais de 7 mil pessoas passaram pelo Parque.<\/p>\n<p>Servi\u00e7o:<br \/>\n\u2018F\u00e9rias no Parque\u2019<br \/>\nDe 7 a 29 de janeiro, das 11h \u00e0s 18h<br \/>\n\u2018Biblioteca no Parque I\u2019<br \/>\nDias 21 e 22 de janeiro, das 14h \u00e0s 18h<br \/>\nLocal: Parque Luis Latorre<br \/>\nAberto ao p\u00fablico, crian\u00e7as de 2 a 9 anos devem estar acompanhadas pelos pais<\/p>\n<p><em>Fonte: Portal Bragan\u00e7a<\/em><\/p>\n","protected":false},"excerpt":{"rendered":"<p>No pr\u00f3ximo s\u00e1bado, dia 7 de janeiro, tem in\u00edcio o \u2018F\u00e9rias no Parque\u2019, realizado pela Prefeitura da cidade de Itatiba no Parque Luis Latorre. O evento \u00e9 o espa\u00e7o que as fam\u00edlias de Itatiba, e at\u00e9 de outras cidades, escolheram para aproveitar o per\u00edodo do recesso escolar. De 7 a 29 de janeiro o Parque [&hellip;]<\/p>\n","protected":false},"author":1,"featured_media":0,"comment_status":"open","ping_status":"open","sticky":false,"template":"","format":"standard","meta":{"footnotes":""},"categories":[6],"tags":[],"class_list":["post-65","post","type-post","status-publish","format-standard","hentry","category-noticias"],"_links":{"self":[{"href":"https:\/\/www.encontraitatiba.com.br\/noticias\/wp-json\/wp\/v2\/posts\/65","targetHints":{"allow":["GET"]}}],"collection":[{"href":"https:\/\/www.encontraitatiba.com.br\/noticias\/wp-json\/wp\/v2\/posts"}],"about":[{"href":"https:\/\/www.encontraitatiba.com.br\/noticias\/wp-json\/wp\/v2\/types\/post"}],"author":[{"embeddable":true,"href":"https:\/\/www.encontraitatiba.com.br\/noticias\/wp-json\/wp\/v2\/users\/1"}],"replies":[{"embeddable":true,"href":"https:\/\/www.encontraitatiba.com.br\/noticias\/wp-json\/wp\/v2\/comments?post=65"}],"version-history":[{"count":3,"href":"https:\/\/www.encontraitatiba.com.br\/noticias\/wp-json\/wp\/v2\/posts\/65\/revisions"}],"predecessor-version":[{"id":739,"href":"https:\/\/www.encontraitatiba.com.br\/noticias\/wp-json\/wp\/v2\/posts\/65\/revisions\/739"}],"wp:attachment":[{"href":"https:\/\/www.encontraitatiba.com.br\/noticias\/wp-json\/wp\/v2\/media?parent=65"}],"wp:term":[{"taxonomy":"category","embeddable":true,"href":"https:\/\/www.encontraitatiba.com.br\/noticias\/wp-json\/wp\/v2\/categories?post=65"},{"taxonomy":"post_tag","embeddable":true,"href":"https:\/\/www.encontraitatiba.com.br\/noticias\/wp-json\/wp\/v2\/tags?post=65"}],"curies":[{"name":"wp","href":"https:\/\/api.w.org\/{rel}","templated":true}]}}