{"id":665,"date":"2013-08-05T09:47:07","date_gmt":"2013-08-05T11:47:07","guid":{"rendered":"http:\/\/www.encontraitatiba.com.br\/noticias\/?p=665"},"modified":"2013-08-05T09:47:07","modified_gmt":"2013-08-05T11:47:07","slug":"prefeitura-entregara-mais-duas-novas-escolas-em-itatiba","status":"publish","type":"post","link":"https:\/\/www.encontraitatiba.com.br\/noticias\/prefeitura-entregara-mais-duas-novas-escolas-em-itatiba\/","title":{"rendered":"Prefeitura entregar\u00e1 mais duas novas escolas em Itatiba"},"content":{"rendered":"<p>H\u00e1 pouco mais de um m\u00eas, a Prefeitura inaugurou o Cemei \u2018Maria Helena Pensado Bianchi&#8217;, entregando aos moradores do Terra Nova, Vila Cruzeiro, Jardim das Na\u00e7\u00f5es e adjac\u00eancias 424 vagas de Educa\u00e7\u00e3o Infantil, sendo 288 de Emei e 136 de Creche. Mais outras duas unidades de Cemeis ser\u00e3o entregues \u00e0 popula\u00e7\u00e3o ainda em 2013, abrindo outras 400 vagas para as crian\u00e7as do munic\u00edpio.<\/p>\n<p>A pr\u00f3xima escola a ser inaugurada, com previs\u00e3o de t\u00e9rmino das obras para a primeira quinzena de setembro, ser\u00e1 o Cemei \u2018Benedicto Delforno&#8217;, que ir\u00e1 atender mais de 200 alunos da regi\u00e3o do Loteamento Vila Real e Jardim Virg\u00ednia, com seis salas para crian\u00e7as de Creche (0 a 3 anos) e duas salas para alunos de Emei (4 a 5 anos). A escola est\u00e1 em fase de cobertura e acabamento.<\/p>\n<p>&#8220;A cria\u00e7\u00e3o de centenas de vagas escolares tem se tornado poss\u00edvel gra\u00e7as ao constante esfor\u00e7o desta administra\u00e7\u00e3o. Essas a\u00e7\u00f5es visam garantir que o munic\u00edpio possa absorver a crescente demanda da popula\u00e7\u00e3o de Itatiba por Educa\u00e7\u00e3o, tranquilizando os pais que poder\u00e3o ir para o trabalho sabendo que seus filhos est\u00e3o sendo bem atendidos&#8221;, comentou o Prefeito Jo\u00e3o Fattori.<\/p>\n<p><strong>Jardim Verona<br \/>\n<\/strong><\/p>\n<p>Uma outra unidade escolar, cujas obras tiveram in\u00edcio no \u00faltimo dia 18 de mar\u00e7o, est\u00e1 sendo constru\u00edda no Jardim Verona, pr\u00f3ximo ao Bairro Santo. Ant\u00f4nio. No momento, as obras do Cemei \u2018Profa. Teresa Maria dos Santos Braida, como ser\u00e1 chamada, est\u00e3o em fase de funda\u00e7\u00e3o e constru\u00e7\u00e3o do muro que faz a divisa da escola.<\/p>\n<p>O Cemei ter\u00e1 1 mil m\u00b2 de \u00e1rea constru\u00edda e foi conquistado pela Prefeitura atrav\u00e9s do conv\u00eanio PAC 2 Pr\u00f3-Inf\u00e2ncia, no valor de R$ 1,9 milh\u00e3o, sendo R$ 800 mil de contrapartida municipal. A unidade abrir\u00e1 202 vagas, sendo 102 de Creche e 100 de Emei, que ir\u00e3o atender \u00e0s crian\u00e7as do Jardim Verona, Santo Ant\u00f4nio e regi\u00e3o. Com os mesmos equipamentos do Cemei \u2018Isabel Bizarro Tulon (Jardim Nova Esperan\u00e7a), entregue pela atual administra\u00e7\u00e3o em fevereiro de 2011, o novo Cemei contar\u00e1 com estacionamento para funcion\u00e1rios; seis salas de Creche, com salas para repouso, amamenta\u00e7\u00e3o, alimenta\u00e7\u00e3o, trocador\/frald\u00e1rio, brinquedoteca, sanit\u00e1rios e chuveiros; duas salas para Educa\u00e7\u00e3o Infantil; sala de leitura; laborat\u00f3rio de inform\u00e1tica; \u00e1rea de servi\u00e7o; \u00e1rea administrativa; p\u00e1tio coberto; anfiteatro e parque infantil.<\/p>\n<p>Al\u00e9m das duas novas escolas que ser\u00e3o entregues ainda este ano, outro bairro da cidade tamb\u00e9m ser\u00e1 beneficiado pela Prefeitura com um Cemei. Encontra-se em processo de licita\u00e7\u00e3o a constru\u00e7\u00e3o de uma unidade escolar no Loteamento Residencial Central Park. &#8220;Dentro das possibilidades da administra\u00e7\u00e3o p\u00fablica temos atendido todos os novos bairros da cidade cumprindo nosso papel de levar uma Educa\u00e7\u00e3o de qualidade aos quatro cantos da cidade&#8221;, destacou o Prefeito Fattori.<\/p>\n<p><em>Fonte: Prefeitura Itatiba<\/em><\/p>\n<p><strong>\u00a0<\/strong><\/p>\n","protected":false},"excerpt":{"rendered":"<p>H\u00e1 pouco mais de um m\u00eas, a Prefeitura inaugurou o Cemei \u2018Maria Helena Pensado Bianchi&#8217;, entregando aos moradores do Terra Nova, Vila Cruzeiro, Jardim das Na\u00e7\u00f5es e adjac\u00eancias 424 vagas de Educa\u00e7\u00e3o Infantil, sendo 288 de Emei e 136 de Creche. Mais outras duas unidades de Cemeis ser\u00e3o entregues \u00e0 popula\u00e7\u00e3o ainda em 2013, abrindo [&hellip;]<\/p>\n","protected":false},"author":1,"featured_media":0,"comment_status":"open","ping_status":"open","sticky":false,"template":"","format":"standard","meta":{"footnotes":""},"categories":[6],"tags":[],"class_list":["post-665","post","type-post","status-publish","format-standard","hentry","category-noticias"],"_links":{"self":[{"href":"https:\/\/www.encontraitatiba.com.br\/noticias\/wp-json\/wp\/v2\/posts\/665","targetHints":{"allow":["GET"]}}],"collection":[{"href":"https:\/\/www.encontraitatiba.com.br\/noticias\/wp-json\/wp\/v2\/posts"}],"about":[{"href":"https:\/\/www.encontraitatiba.com.br\/noticias\/wp-json\/wp\/v2\/types\/post"}],"author":[{"embeddable":true,"href":"https:\/\/www.encontraitatiba.com.br\/noticias\/wp-json\/wp\/v2\/users\/1"}],"replies":[{"embeddable":true,"href":"https:\/\/www.encontraitatiba.com.br\/noticias\/wp-json\/wp\/v2\/comments?post=665"}],"version-history":[{"count":1,"href":"https:\/\/www.encontraitatiba.com.br\/noticias\/wp-json\/wp\/v2\/posts\/665\/revisions"}],"predecessor-version":[{"id":666,"href":"https:\/\/www.encontraitatiba.com.br\/noticias\/wp-json\/wp\/v2\/posts\/665\/revisions\/666"}],"wp:attachment":[{"href":"https:\/\/www.encontraitatiba.com.br\/noticias\/wp-json\/wp\/v2\/media?parent=665"}],"wp:term":[{"taxonomy":"category","embeddable":true,"href":"https:\/\/www.encontraitatiba.com.br\/noticias\/wp-json\/wp\/v2\/categories?post=665"},{"taxonomy":"post_tag","embeddable":true,"href":"https:\/\/www.encontraitatiba.com.br\/noticias\/wp-json\/wp\/v2\/tags?post=665"}],"curies":[{"name":"wp","href":"https:\/\/api.w.org\/{rel}","templated":true}]}}