{"id":67,"date":"2012-01-04T12:36:27","date_gmt":"2012-01-04T14:36:27","guid":{"rendered":"http:\/\/www.encontraitatiba.com.br\/noticias\/?p=67"},"modified":"2013-08-14T13:47:44","modified_gmt":"2013-08-14T15:47:44","slug":"centro-de-atencao-a-crianca-cac-de-itatiba-completa-um-mes-em-novo-endereco","status":"publish","type":"post","link":"https:\/\/www.encontraitatiba.com.br\/noticias\/centro-de-atencao-a-crianca-cac-de-itatiba-completa-um-mes-em-novo-endereco\/","title":{"rendered":"Centro de Aten\u00e7\u00e3o \u00e0 Crian\u00e7a (CAC) de Itatiba completa um m\u00eas em novo endere\u00e7o"},"content":{"rendered":"<p>Dia 1\u00ba de janeiro, o CAC completa um m\u00eas em novo endere\u00e7o. Apesar do pouco tempo, as hist\u00f3rias de sucesso j\u00e1 s\u00e3o muitas. No novo espa\u00e7o, a equipe multiprofissional do CAC (Centro de Aten\u00e7\u00e3o \u00e0 Crian\u00e7a de guia da cidade Itatiba) conta com sete pediatras, uma enfermeira, tr\u00eas fonoaudi\u00f3logas, tr\u00eas psic\u00f3logas, uma fisioterapeuta, uma terapeuta ocupacional, uma nutricionista, uma assistente social, duas odontopediatras, um m\u00e9dico psiquiatra, uma m\u00e9dico neurologista, um m\u00e9dico endocrinologista, quatro auxiliares administrativos, cinco auxiliares\\t\u00e9cnicos de enfermagem, um auxiliar de limpeza e um auxiliar de consult\u00f3rio odontol\u00f3gico em uma estrutura pensada para o atendimento especializado a crian\u00e7as de 0 a 12 anos. E o maior indicador do sucesso do novo CAC \u00e9 a satisfa\u00e7\u00e3o e a aprova\u00e7\u00e3o dos itatibenses.<\/p>\n<p>\u201cOs pacientes comentam que gostaram da nova estrutura, que \u00e9 mais seguro para as crian\u00e7as, que o ambiente est\u00e1 mais alegre. Esta satisfa\u00e7\u00e3o dos pacientes e a nova estrutura tamb\u00e9m afetam o dia-a-dia de quem trabalha aqui. Ficou muito bom\u201d, comenta o auxiliar administrativo Humberto Fernandes, 36 anos.<\/p>\n<p>Todos os beb\u00eas nascidos no munic\u00edpio passam por atendimento no CAC para a triagem neonatal e realiza\u00e7\u00e3o da vacina BCG. Nesse primeiro atendimento, m\u00e3e e rec\u00e9m nascido recebem uma aten\u00e7\u00e3o diferenciada e qualificada a fim de identificar potenciais riscos que comprometam o bom crescimento e desenvolvimento da crian\u00e7a. Nesse momento tamb\u00e9m s\u00e3o desenvolvidas a\u00e7\u00f5es visando \u00e0 ades\u00e3o ao aleitamento materno exclusivo at\u00e9 o sexto m\u00eas de vida do beb\u00ea. Poliana da Silva Xavier, 17 anos, San Francisco, m\u00e3e de Breno Gabriel, 10 dias, conta: \u201c\u00c9 a primeira vez que venho ao CAC e tive uma surpresa muito boa. O Breno \u00e9 meu primeiro filho e me sinto insegura. O \u00f3timo atendimento e a aten\u00e7\u00e3o dos profissionais tranq\u00fcilizam bem a gente\u201d.<\/p>\n<p>Consultas<br \/>\nO CAC realizou no per\u00edodo de 2 a 22 de dezembro mais de 1300 atendimentos na sala de vacinas; mais de 900 consultas, entre pediatria, neurologia, endocrinologia, psiquiatria e enfermagem; 650 atendimentos de odontologia, fonoaudiologia, psicologia, nutricionista, assist\u00eancia social e terapia ocupacional; al\u00e9m da realiza\u00e7\u00e3o de 14 grupos de orienta\u00e7\u00e3o e palestras e 77 triagens neonatais.<\/p>\n<p>Sandra Eliete Guzelloto Silva, 47 anos, m\u00e3e de Ana J\u00falia Guzelotto Silva, 6 anos, conta que a filha passa por consulta no CAC h\u00e1 um bom tempo e que o novo espa\u00e7o surpreendeu: \u201cFicou um espa\u00e7o \u00f3timo, muito bem aproveitado e o atendimento continua \u00f3timo. Aqui a crian\u00e7a se sente mais \u00e0 vontade\u201d, disse. Luis Ant\u00f4nio Martins, 48 anos, Cidade Jardim, que acompanhava a filha Leiliane Aparecida Martins, 23 anos, e o neto Pedro Henrique, 4 meses, concorda: \u201cO atendimento sempre foi muito bom. E agora melhorou. Com este espa\u00e7o para brincar as crian\u00e7as ficam mais tranq\u00fcilas\u201d, destacou. Leiliane completou: \u201cEst\u00e1 bonito. Tem mais espa\u00e7o para as crian\u00e7as e o atendimento est\u00e1 mais r\u00e1pido\u201d.<\/p>\n<p>O CAC vem ganhando elogios de pacientes novos e antigos. Bruna de F\u00e1tima Schiavinatto, 23 anos, San Francisco, e sua filha Ana Beatriz, seis anos, contam que acompanharam todas as transforma\u00e7\u00f5es do Centro de Aten\u00e7\u00e3o \u00e1 Crian\u00e7a: \u201cFreq\u00fcento o CAC desde quando era conhecido como \u2018Post\u00e3o\u2019. Aqui ficou bem melhor. Al\u00e9m de lindo e todo colorido, ficou bem grande. E o atendimento sempre foi 100%, pois todo mundo atende com bastante carinho\u201d, elogiou.<\/p>\n<p>P\u00fablico<br \/>\nAlem do atendimento m\u00e9dico especifico e das especialidades, o Centro \u00e9 a principal refer\u00eancia de imuniza\u00e7\u00f5es para os moradores de Itatiba. No local s\u00e3o disponibilizadas as vacinas de rotina do calend\u00e1rio nacional de imuniza\u00e7\u00f5es, vacina\u00e7\u00e3o espec\u00edfica para viajantes, trabalhadores e algumas de grupos especiais (pacientes imunocomprometidos).<\/p>\n<p>O CAC acompanha a situa\u00e7\u00e3o nutricional das crian\u00e7as que fazem parte dos programas Bolsa Fam\u00edlia e Viva Leite, realizando\u00a0 o\u00a0 controle das atividades desenvolvidas pelas demais Unidades de Sa\u00fade do munic\u00edpio, prestando conta desses dados para o Estado.<\/p>\n<p>Dois grupos se destacam entre as prioridades de atendimento no CAC: os pacientes portadores de doen\u00e7as respirat\u00f3rias (bronquite cr\u00f4nica e asma) e os portadores de diabetes juvenil. O CAC oferece, ainda, suporte t\u00e9cnico e de atendimento na aten\u00e7\u00e3o \u00e0 crian\u00e7a para todas as Unidades de Sa\u00fade do munic\u00edpio. Tudo isso em uma localiza\u00e7\u00e3o privilegiada. \u201cFicou maravilhoso. E a localiza\u00e7\u00e3o, bem no Centro, facilitou. Qualquer \u00f4nibus passa por aqui, ficou mais f\u00e1cil. Adorei o lugar\u201d, disse Sandra Barbosa, 36 anos, Erasmo Chrispim, acompanhada da filha Jaffyni Loreira, de oito dias.<\/p>\n<p><strong>Sucesso<\/strong><\/p>\n<p>As novas instala\u00e7\u00f5es do CAC marcam o in\u00edcio de uma nova era na pedatria em Itatiba. Assim como o Caismi \u2013 Centro de Atendimento Integral \u00e0 Sa\u00fade da Mulher de Itatiba, que funcionava no Ambulat\u00f3rio Central do SUS foi transferido para outro local e hoje teve ampliado sua capacidade de atendimento e o CTA \u2013 Centro de Testagem e Aconselhamento, que funcionava no Jardim Harmonia foi levado para o Giardino D\u00b4It\u00e1lia, a Prefeitura de Itatiba deu outro grande passo ao oferecer um local mais adequado para atendimento de beb\u00eas e crian\u00e7as atrav\u00e9s do CAC \u2013 Centro de Aten\u00e7\u00e3o \u00e0 Crian\u00e7a. Um sucesso que j\u00e1 ultrapassa fronteiras. Wellington Wagner Dias, 25 anos, mora em Belo Horizonte, e tem um filho com Ta\u00eds de Souza, 19 anos, do Jardim das Na\u00e7\u00f5es, o pequeno Bernardo de Souza Dias, 1 m\u00eas e 10 dias. Ele ficou impressionado com a Sa\u00fade de Itatiba: \u201cEste espa\u00e7o \u00e9 muito bom, n\u00e3o tem nem como comparar com os de Belo Horizonte\u201d, comentou.<\/p>\n<p>Para o Prefeito Jo\u00e3o Fattori, a satisfa\u00e7\u00e3o da popula\u00e7\u00e3o \u00e9 um importante term\u00f4metro. \u201cIsso indica que as a\u00e7\u00f5es da Administra\u00e7\u00e3o atendem aos anseios da popula\u00e7\u00e3o. A satisfa\u00e7\u00e3o dos itatibenses com a Sa\u00fade no munic\u00edpio \u00e9 muito importante, mas queremos melhorar muito mais\u201d, disse o Prefeito Fattori.<\/p>\n<p><em>Fonte: Portal Bragan\u00e7a<\/em><\/p>\n","protected":false},"excerpt":{"rendered":"<p>Dia 1\u00ba de janeiro, o CAC completa um m\u00eas em novo endere\u00e7o. Apesar do pouco tempo, as hist\u00f3rias de sucesso j\u00e1 s\u00e3o muitas. No novo espa\u00e7o, a equipe multiprofissional do CAC (Centro de Aten\u00e7\u00e3o \u00e0 Crian\u00e7a de guia da cidade Itatiba) conta com sete pediatras, uma enfermeira, tr\u00eas fonoaudi\u00f3logas, tr\u00eas psic\u00f3logas, uma fisioterapeuta, uma terapeuta [&hellip;]<\/p>\n","protected":false},"author":1,"featured_media":0,"comment_status":"open","ping_status":"open","sticky":false,"template":"","format":"standard","meta":{"footnotes":""},"categories":[6],"tags":[],"class_list":["post-67","post","type-post","status-publish","format-standard","hentry","category-noticias"],"_links":{"self":[{"href":"https:\/\/www.encontraitatiba.com.br\/noticias\/wp-json\/wp\/v2\/posts\/67","targetHints":{"allow":["GET"]}}],"collection":[{"href":"https:\/\/www.encontraitatiba.com.br\/noticias\/wp-json\/wp\/v2\/posts"}],"about":[{"href":"https:\/\/www.encontraitatiba.com.br\/noticias\/wp-json\/wp\/v2\/types\/post"}],"author":[{"embeddable":true,"href":"https:\/\/www.encontraitatiba.com.br\/noticias\/wp-json\/wp\/v2\/users\/1"}],"replies":[{"embeddable":true,"href":"https:\/\/www.encontraitatiba.com.br\/noticias\/wp-json\/wp\/v2\/comments?post=67"}],"version-history":[{"count":4,"href":"https:\/\/www.encontraitatiba.com.br\/noticias\/wp-json\/wp\/v2\/posts\/67\/revisions"}],"predecessor-version":[{"id":769,"href":"https:\/\/www.encontraitatiba.com.br\/noticias\/wp-json\/wp\/v2\/posts\/67\/revisions\/769"}],"wp:attachment":[{"href":"https:\/\/www.encontraitatiba.com.br\/noticias\/wp-json\/wp\/v2\/media?parent=67"}],"wp:term":[{"taxonomy":"category","embeddable":true,"href":"https:\/\/www.encontraitatiba.com.br\/noticias\/wp-json\/wp\/v2\/categories?post=67"},{"taxonomy":"post_tag","embeddable":true,"href":"https:\/\/www.encontraitatiba.com.br\/noticias\/wp-json\/wp\/v2\/tags?post=67"}],"curies":[{"name":"wp","href":"https:\/\/api.w.org\/{rel}","templated":true}]}}