{"id":82,"date":"2012-01-18T10:25:10","date_gmt":"2012-01-18T12:25:10","guid":{"rendered":"http:\/\/www.encontraitatiba.com.br\/noticias\/?p=82"},"modified":"2013-08-14T13:47:43","modified_gmt":"2013-08-14T15:47:43","slug":"itatiba-inscricoes-abertas-para-desfilar-na-tamanho-familia-feliz","status":"publish","type":"post","link":"https:\/\/www.encontraitatiba.com.br\/noticias\/itatiba-inscricoes-abertas-para-desfilar-na-tamanho-familia-feliz\/","title":{"rendered":"Itatiba: Inscri\u00e7\u00f5es abertas para desfilar na &#8216;Tamanho Fam\u00edlia Feliz&#8217;"},"content":{"rendered":"<p>Quem quiser participar do Carnaval Tamanho Fam\u00edlia 2012 ainda pode se inscrever. Est\u00e3o abertas as inscri\u00e7\u00f5es para o desfile da Escola de Samba Tamanho Fam\u00edlia Feliz e tamb\u00e9m para a Corte do Carnaval da Terceira Idade. \u201cQueremos continuar a fazer um show no nosso Carnaval. Al\u00e9m da beleza das fantasias e carros aleg\u00f3ricos queremos unir gera\u00e7\u00f5es levando muita alegria a esta grande festa\u201d, disse a Primeira-dama e Presidente do FSS, Prof\u00aa C\u00e1ssia Helena Benaglia Fattori.<\/p>\n<p>A Escola de Samba Tamanho Fam\u00edlia Feliz ter\u00e1 cinco alas e tr\u00eas carros aleg\u00f3ricos. As \u00a0costureiras do FSS trabalham em ritmo acelerado, nos \u00faltimos dois meses, finalizando a confec\u00e7\u00e3o de cerca de 200 fantasias, alegorias e adere\u00e7os.<\/p>\n<p><strong>Para todos<br \/>\n<\/strong>Pessoas de todas as idades podem se inscrever para qualquer uma das alas e gra\u00e7as a infra-estrutura oferecida pela Prefeitura as fantasias s\u00e3o gratuitas. Com o tema &#8216;\u00c1gua da Bica, quem bebe fica&#8217;, a apresenta\u00e7\u00e3o e as fantasias da \u2018Tamanho Fam\u00edlia Feliz\u2019 ir\u00e1 retratar curiosidades, lendas e um pouco da hist\u00f3ria de Itatiba. A bateria da escola ser\u00e1 formada por membros da Fanasa, a Fanfarra Marcial Municipal da Emeb Nazareht Rangel de Siqueira Barbosa, que est\u00e3o ensaiando e se preparando para o Carnaval.<\/p>\n<p><strong>Corte<br \/>\n<\/strong>Para se inscrever para a Corte Carnavalesca da Terceira Idade \u00e9 preciso ser cadastrado no Centro de Conviv\u00eancia \u2018\u00c2ngela Lygia Parodi Scavone\u2019. No pr\u00f3ximo dia 9 de fevereiro o FSS realiza o baile pr\u00e9-carnavalesco e a elei\u00e7\u00e3o da Corte. O Baile ser\u00e1 no Centro de Conviv\u00eancia \u00c2ngela Lygia Parodi Scavone, das 14h \u00e0s 17h. Durante o evento tamb\u00e9m ser\u00e3o apresentados modelos das fantasias da Escola de Samba Tamanho Fam\u00edlia Feliz.<\/p>\n<p><strong>Servi\u00e7o<br \/>\n<\/strong>As inscri\u00e7\u00f5es podem ser feitas no Centro de Conviv\u00eancia &#8216;\u00c2ngela Lygia Parodi Scavone&#8217;, que fica na Travessa \u00c2ngelo Perd\u00e3o, s\/n, no Jardim Vit\u00f3ria &#8211; Guia da Cidade Itatiba. As fantasias n\u00e3o ter\u00e3o qualquer custo para o participante. Mais informa\u00e7\u00f5es pelo telefone 4594-1677.<\/p>\n<p><em>Fonte: Prefeitura de Itatiba<\/em><\/p>\n","protected":false},"excerpt":{"rendered":"<p>Quem quiser participar do Carnaval Tamanho Fam\u00edlia 2012 ainda pode se inscrever. Est\u00e3o abertas as inscri\u00e7\u00f5es para o desfile da Escola de Samba Tamanho Fam\u00edlia Feliz e tamb\u00e9m para a Corte do Carnaval da Terceira Idade. \u201cQueremos continuar a fazer um show no nosso Carnaval. Al\u00e9m da beleza das fantasias e carros aleg\u00f3ricos queremos unir [&hellip;]<\/p>\n","protected":false},"author":1,"featured_media":0,"comment_status":"open","ping_status":"open","sticky":false,"template":"","format":"standard","meta":{"footnotes":""},"categories":[6],"tags":[],"class_list":["post-82","post","type-post","status-publish","format-standard","hentry","category-noticias"],"_links":{"self":[{"href":"https:\/\/www.encontraitatiba.com.br\/noticias\/wp-json\/wp\/v2\/posts\/82","targetHints":{"allow":["GET"]}}],"collection":[{"href":"https:\/\/www.encontraitatiba.com.br\/noticias\/wp-json\/wp\/v2\/posts"}],"about":[{"href":"https:\/\/www.encontraitatiba.com.br\/noticias\/wp-json\/wp\/v2\/types\/post"}],"author":[{"embeddable":true,"href":"https:\/\/www.encontraitatiba.com.br\/noticias\/wp-json\/wp\/v2\/users\/1"}],"replies":[{"embeddable":true,"href":"https:\/\/www.encontraitatiba.com.br\/noticias\/wp-json\/wp\/v2\/comments?post=82"}],"version-history":[{"count":4,"href":"https:\/\/www.encontraitatiba.com.br\/noticias\/wp-json\/wp\/v2\/posts\/82\/revisions"}],"predecessor-version":[{"id":725,"href":"https:\/\/www.encontraitatiba.com.br\/noticias\/wp-json\/wp\/v2\/posts\/82\/revisions\/725"}],"wp:attachment":[{"href":"https:\/\/www.encontraitatiba.com.br\/noticias\/wp-json\/wp\/v2\/media?parent=82"}],"wp:term":[{"taxonomy":"category","embeddable":true,"href":"https:\/\/www.encontraitatiba.com.br\/noticias\/wp-json\/wp\/v2\/categories?post=82"},{"taxonomy":"post_tag","embeddable":true,"href":"https:\/\/www.encontraitatiba.com.br\/noticias\/wp-json\/wp\/v2\/tags?post=82"}],"curies":[{"name":"wp","href":"https:\/\/api.w.org\/{rel}","templated":true}]}}